{"id":3768,"date":"2025-02-07T13:05:00","date_gmt":"2025-02-07T16:05:00","guid":{"rendered":"https:\/\/vecinosdelinterior.com\/?p=3768"},"modified":"2025-02-07T13:12:05","modified_gmt":"2025-02-07T16:12:05","slug":"un-carnaval-a-lo-grande-en-tilisarao","status":"publish","type":"post","link":"https:\/\/vecinosdelinterior.com\/index.php\/2025\/02\/07\/un-carnaval-a-lo-grande-en-tilisarao\/","title":{"rendered":"Un carnaval, a lo grande en Tilisarao"},"content":{"rendered":"\n<p>La edici\u00f3n 2025 del Carnaval de Tilisarao ya genera expectativas y entusiasmo por la grilla de artistas, por el color, m\u00fasica y shows para todos los vecinos y vecinas de la localidad.<br>Con artistas de renombre como \u00abLos Tipitos\u00bb, Lisandro M\u00e1rquez y DJ Lali y la comparsa Arabela, todo apunta a ser una gran noche.<br>El Intendente Municipal Juan Manuel Olgu\u00edn invita a toda la comunidad a disfrutar de este carnaval que es gratuito y con el fin de movilizar la econom\u00eda local, tal como sucediera con la reciente 35\u00ba edici\u00f3n del Festival de la Flor del Pago y los Inmigrantes donde ya hay algunos n\u00fameros sumamente positivos del movimiento econ\u00f3mico que gener\u00f3 este evento.<br>A agendar, el pr\u00f3ximo Domingo 16 de febrero desde las 20:00 horas Tilisarao se pone de fiesta junto a los emprendedores, gastron\u00f3micos, artistas, turistas y vecinos de la localidad.<\/p>\n\n\n\n<figure class=\"wp-block-image size-large\"><img fetchpriority=\"high\" decoding=\"async\" width=\"829\" height=\"1024\" src=\"https:\/\/vecinosdelinterior.com\/wp-content\/uploads\/2025\/02\/476455841_2983155051833001_8613046623785218808_n-829x1024.jpg\" alt=\"\" class=\"wp-image-3769\" srcset=\"https:\/\/vecinosdelinterior.com\/wp-content\/uploads\/2025\/02\/476455841_2983155051833001_8613046623785218808_n-829x1024.jpg 829w, https:\/\/vecinosdelinterior.com\/wp-content\/uploads\/2025\/02\/476455841_2983155051833001_8613046623785218808_n-243x300.jpg 243w, https:\/\/vecinosdelinterior.com\/wp-content\/uploads\/2025\/02\/476455841_2983155051833001_8613046623785218808_n-768x948.jpg 768w, https:\/\/vecinosdelinterior.com\/wp-content\/uploads\/2025\/02\/476455841_2983155051833001_8613046623785218808_n-1244x1536.jpg 1244w, https:\/\/vecinosdelinterior.com\/wp-content\/uploads\/2025\/02\/476455841_2983155051833001_8613046623785218808_n-750x926.jpg 750w, https:\/\/vecinosdelinterior.com\/wp-content\/uploads\/2025\/02\/476455841_2983155051833001_8613046623785218808_n-1140x1408.jpg 1140w, https:\/\/vecinosdelinterior.com\/wp-content\/uploads\/2025\/02\/476455841_2983155051833001_8613046623785218808_n.jpg 1440w\" sizes=\"(max-width: 829px) 100vw, 829px\" \/><\/figure>\n","protected":false},"excerpt":{"rendered":"<p>La edici\u00f3n 2025 del Carnaval de Tilisarao ya genera expectativas y entusiasmo por la grilla de artistas, por el color, m\u00fasica y shows para todos los vecinos y vecinas de la localidad.Con artistas de renombre como \u00abLos Tipitos\u00bb, Lisandro M\u00e1rquez y DJ Lali y la comparsa Arabela, todo apunta a ser una gran noche.El Intendente [&hellip;]<\/p>\n","protected":false},"author":1,"featured_media":3769,"comment_status":"open","ping_status":"open","sticky":false,"template":"","format":"standard","meta":{"footnotes":""},"categories":[29,30],"tags":[333,175],"class_list":["post-3768","post","type-post","status-publish","format-standard","has-post-thumbnail","hentry","category-chacabuco","category-tilisarao","tag-festivales","tag-turismo"],"_links":{"self":[{"href":"https:\/\/vecinosdelinterior.com\/index.php\/wp-json\/wp\/v2\/posts\/3768","targetHints":{"allow":["GET"]}}],"collection":[{"href":"https:\/\/vecinosdelinterior.com\/index.php\/wp-json\/wp\/v2\/posts"}],"about":[{"href":"https:\/\/vecinosdelinterior.com\/index.php\/wp-json\/wp\/v2\/types\/post"}],"author":[{"embeddable":true,"href":"https:\/\/vecinosdelinterior.com\/index.php\/wp-json\/wp\/v2\/users\/1"}],"replies":[{"embeddable":true,"href":"https:\/\/vecinosdelinterior.com\/index.php\/wp-json\/wp\/v2\/comments?post=3768"}],"version-history":[{"count":1,"href":"https:\/\/vecinosdelinterior.com\/index.php\/wp-json\/wp\/v2\/posts\/3768\/revisions"}],"predecessor-version":[{"id":3770,"href":"https:\/\/vecinosdelinterior.com\/index.php\/wp-json\/wp\/v2\/posts\/3768\/revisions\/3770"}],"wp:featuredmedia":[{"embeddable":true,"href":"https:\/\/vecinosdelinterior.com\/index.php\/wp-json\/wp\/v2\/media\/3769"}],"wp:attachment":[{"href":"https:\/\/vecinosdelinterior.com\/index.php\/wp-json\/wp\/v2\/media?parent=3768"}],"wp:term":[{"taxonomy":"category","embeddable":true,"href":"https:\/\/vecinosdelinterior.com\/index.php\/wp-json\/wp\/v2\/categories?post=3768"},{"taxonomy":"post_tag","embeddable":true,"href":"https:\/\/vecinosdelinterior.com\/index.php\/wp-json\/wp\/v2\/tags?post=3768"}],"curies":[{"name":"wp","href":"https:\/\/api.w.org\/{rel}","templated":true}]}}