{"id":3771,"date":"2025-02-08T19:21:19","date_gmt":"2025-02-08T22:21:19","guid":{"rendered":"https:\/\/vecinosdelinterior.com\/?p=3771"},"modified":"2025-02-08T19:21:43","modified_gmt":"2025-02-08T22:21:43","slug":"buena-esperanza-comenzo-a-vivir-una-jornada-a-pura-fiesta-gaucha-y-de-tradicion","status":"publish","type":"post","link":"https:\/\/vecinosdelinterior.com\/index.php\/2025\/02\/08\/buena-esperanza-comenzo-a-vivir-una-jornada-a-pura-fiesta-gaucha-y-de-tradicion\/","title":{"rendered":"Buena Esperanza comenz\u00f3 a vivir una jornada a pura fiesta gaucha y de tradici\u00f3n"},"content":{"rendered":"\n<p>\u00abLa gran fiesta gaucha ya comenz\u00f3 en Buena Esperanza!<br>Con el coraz\u00f3n latiendo fuerte y la emoci\u00f3n a flor de piel, nuestros gauchos y el p\u00fablico entonaron con orgullo el Himno Nacional Argentino, mientras la intendente municipal iz\u00f3 nuestra ense\u00f1a patria, la celeste y blanca que nos une\u00bb, publicaron a trav\u00e9s de la red social de la Municipalidad de Buena Esperanza<\/p>\n\n\n\n<figure class=\"wp-block-gallery has-nested-images columns-default is-cropped wp-block-gallery-1 is-layout-flex wp-block-gallery-is-layout-flex\">\n<figure class=\"wp-block-image size-large\"><img fetchpriority=\"high\" decoding=\"async\" width=\"1024\" height=\"768\" data-id=\"3777\" src=\"https:\/\/vecinosdelinterior.com\/wp-content\/uploads\/2025\/02\/475756465_122198757548146161_2617046695036967644_n-1024x768.jpg\" alt=\"\" class=\"wp-image-3777\" srcset=\"https:\/\/vecinosdelinterior.com\/wp-content\/uploads\/2025\/02\/475756465_122198757548146161_2617046695036967644_n-1024x768.jpg 1024w, https:\/\/vecinosdelinterior.com\/wp-content\/uploads\/2025\/02\/475756465_122198757548146161_2617046695036967644_n-300x225.jpg 300w, https:\/\/vecinosdelinterior.com\/wp-content\/uploads\/2025\/02\/475756465_122198757548146161_2617046695036967644_n-768x576.jpg 768w, https:\/\/vecinosdelinterior.com\/wp-content\/uploads\/2025\/02\/475756465_122198757548146161_2617046695036967644_n-1536x1152.jpg 1536w, https:\/\/vecinosdelinterior.com\/wp-content\/uploads\/2025\/02\/475756465_122198757548146161_2617046695036967644_n-750x563.jpg 750w, https:\/\/vecinosdelinterior.com\/wp-content\/uploads\/2025\/02\/475756465_122198757548146161_2617046695036967644_n-1140x855.jpg 1140w, https:\/\/vecinosdelinterior.com\/wp-content\/uploads\/2025\/02\/475756465_122198757548146161_2617046695036967644_n.jpg 2048w\" sizes=\"(max-width: 1024px) 100vw, 1024px\" \/><\/figure>\n\n\n\n<figure class=\"wp-block-image size-large\"><img decoding=\"async\" width=\"600\" height=\"450\" data-id=\"3776\" src=\"https:\/\/vecinosdelinterior.com\/wp-content\/uploads\/2025\/02\/476440301_122198757356146161_6031843848359016357_n.jpg\" alt=\"\" class=\"wp-image-3776\" srcset=\"https:\/\/vecinosdelinterior.com\/wp-content\/uploads\/2025\/02\/476440301_122198757356146161_6031843848359016357_n.jpg 600w, https:\/\/vecinosdelinterior.com\/wp-content\/uploads\/2025\/02\/476440301_122198757356146161_6031843848359016357_n-300x225.jpg 300w\" sizes=\"(max-width: 600px) 100vw, 600px\" \/><\/figure>\n\n\n\n<figure class=\"wp-block-image size-large\"><img decoding=\"async\" width=\"332\" height=\"544\" data-id=\"3774\" src=\"https:\/\/vecinosdelinterior.com\/wp-content\/uploads\/2025\/02\/8-2-2025-19-16-24.jpg\" alt=\"\" class=\"wp-image-3774\" srcset=\"https:\/\/vecinosdelinterior.com\/wp-content\/uploads\/2025\/02\/8-2-2025-19-16-24.jpg 332w, https:\/\/vecinosdelinterior.com\/wp-content\/uploads\/2025\/02\/8-2-2025-19-16-24-183x300.jpg 183w\" sizes=\"(max-width: 332px) 100vw, 332px\" \/><\/figure>\n\n\n\n<figure class=\"wp-block-image size-large\"><img loading=\"lazy\" decoding=\"async\" width=\"336\" height=\"686\" data-id=\"3773\" src=\"https:\/\/vecinosdelinterior.com\/wp-content\/uploads\/2025\/02\/8-2-2025-19-16-10.jpg\" alt=\"\" class=\"wp-image-3773\" srcset=\"https:\/\/vecinosdelinterior.com\/wp-content\/uploads\/2025\/02\/8-2-2025-19-16-10.jpg 336w, https:\/\/vecinosdelinterior.com\/wp-content\/uploads\/2025\/02\/8-2-2025-19-16-10-147x300.jpg 147w\" sizes=\"(max-width: 336px) 100vw, 336px\" \/><\/figure>\n\n\n\n<figure class=\"wp-block-image size-large\"><img loading=\"lazy\" decoding=\"async\" width=\"485\" height=\"880\" data-id=\"3775\" src=\"https:\/\/vecinosdelinterior.com\/wp-content\/uploads\/2025\/02\/8-2-2025-19-15-54.jpg\" alt=\"\" class=\"wp-image-3775\" srcset=\"https:\/\/vecinosdelinterior.com\/wp-content\/uploads\/2025\/02\/8-2-2025-19-15-54.jpg 485w, https:\/\/vecinosdelinterior.com\/wp-content\/uploads\/2025\/02\/8-2-2025-19-15-54-165x300.jpg 165w\" sizes=\"(max-width: 485px) 100vw, 485px\" \/><\/figure>\n\n\n\n<figure class=\"wp-block-image size-large\"><img loading=\"lazy\" decoding=\"async\" width=\"445\" height=\"831\" data-id=\"3772\" src=\"https:\/\/vecinosdelinterior.com\/wp-content\/uploads\/2025\/02\/8-2-2025-19-15-38.jpg\" alt=\"\" class=\"wp-image-3772\" srcset=\"https:\/\/vecinosdelinterior.com\/wp-content\/uploads\/2025\/02\/8-2-2025-19-15-38.jpg 445w, https:\/\/vecinosdelinterior.com\/wp-content\/uploads\/2025\/02\/8-2-2025-19-15-38-161x300.jpg 161w\" sizes=\"(max-width: 445px) 100vw, 445px\" \/><\/figure>\n<\/figure>\n\n\n\n<p><br>Sin dudas, un evento que promete mucho, porque adem\u00e1s de ser convocante, tendr\u00e1 las destrezas de grandes jinetes, las cuadrillas y el show de diferentes artistas y grupos de danzas. Todo listo para vivir una verdadera fiesta en el campo de doma.<\/p>\n","protected":false},"excerpt":{"rendered":"<p>\u00abLa gran fiesta gaucha ya comenz\u00f3 en Buena Esperanza!Con el coraz\u00f3n latiendo fuerte y la emoci\u00f3n a flor de piel, nuestros gauchos y el p\u00fablico entonaron con orgullo el Himno Nacional Argentino, mientras la intendente municipal iz\u00f3 nuestra ense\u00f1a patria, la celeste y blanca que nos une\u00bb, publicaron a trav\u00e9s de la red social de [&hellip;]<\/p>\n","protected":false},"author":1,"featured_media":3774,"comment_status":"open","ping_status":"open","sticky":false,"template":"","format":"standard","meta":{"footnotes":""},"categories":[18,16],"tags":[494,333,177],"class_list":["post-3771","post","type-post","status-publish","format-standard","has-post-thumbnail","hentry","category-buena-esperanza-dupuy","category-dupuy","tag-festival-de-doma","tag-festivales","tag-gestiones-destacadas"],"_links":{"self":[{"href":"https:\/\/vecinosdelinterior.com\/index.php\/wp-json\/wp\/v2\/posts\/3771","targetHints":{"allow":["GET"]}}],"collection":[{"href":"https:\/\/vecinosdelinterior.com\/index.php\/wp-json\/wp\/v2\/posts"}],"about":[{"href":"https:\/\/vecinosdelinterior.com\/index.php\/wp-json\/wp\/v2\/types\/post"}],"author":[{"embeddable":true,"href":"https:\/\/vecinosdelinterior.com\/index.php\/wp-json\/wp\/v2\/users\/1"}],"replies":[{"embeddable":true,"href":"https:\/\/vecinosdelinterior.com\/index.php\/wp-json\/wp\/v2\/comments?post=3771"}],"version-history":[{"count":1,"href":"https:\/\/vecinosdelinterior.com\/index.php\/wp-json\/wp\/v2\/posts\/3771\/revisions"}],"predecessor-version":[{"id":3778,"href":"https:\/\/vecinosdelinterior.com\/index.php\/wp-json\/wp\/v2\/posts\/3771\/revisions\/3778"}],"wp:featuredmedia":[{"embeddable":true,"href":"https:\/\/vecinosdelinterior.com\/index.php\/wp-json\/wp\/v2\/media\/3774"}],"wp:attachment":[{"href":"https:\/\/vecinosdelinterior.com\/index.php\/wp-json\/wp\/v2\/media?parent=3771"}],"wp:term":[{"taxonomy":"category","embeddable":true,"href":"https:\/\/vecinosdelinterior.com\/index.php\/wp-json\/wp\/v2\/categories?post=3771"},{"taxonomy":"post_tag","embeddable":true,"href":"https:\/\/vecinosdelinterior.com\/index.php\/wp-json\/wp\/v2\/tags?post=3771"}],"curies":[{"name":"wp","href":"https:\/\/api.w.org\/{rel}","templated":true}]}}