{"id":3779,"date":"2025-02-08T19:00:00","date_gmt":"2025-02-08T22:00:00","guid":{"rendered":"https:\/\/vecinosdelinterior.com\/?p=3779"},"modified":"2025-02-08T19:44:33","modified_gmt":"2025-02-08T22:44:33","slug":"el-trapiche-la-lluvia-y-la-tormenta-arreciaron-fuerte","status":"publish","type":"post","link":"https:\/\/vecinosdelinterior.com\/index.php\/2025\/02\/08\/el-trapiche-la-lluvia-y-la-tormenta-arreciaron-fuerte\/","title":{"rendered":"El Trapiche, la lluvia y la tormenta arreciaron fuerte"},"content":{"rendered":"\n<p>El Trapiche, la lluvia y la tormenta arreciaron fuerte<br>Hay cables cortados y postes ca\u00eddos por lo que algunas zonas est\u00e1n sin el servicio el\u00e9ctrico.<\/p>\n\n\n\n<figure class=\"wp-block-gallery has-nested-images columns-default is-cropped wp-block-gallery-1 is-layout-flex wp-block-gallery-is-layout-flex\">\n<figure class=\"wp-block-image size-large\"><img fetchpriority=\"high\" decoding=\"async\" width=\"729\" height=\"730\" data-id=\"3780\" src=\"https:\/\/vecinosdelinterior.com\/wp-content\/uploads\/2025\/02\/8-2-2025-19-39-22.jpg\" alt=\"\" class=\"wp-image-3780\" srcset=\"https:\/\/vecinosdelinterior.com\/wp-content\/uploads\/2025\/02\/8-2-2025-19-39-22.jpg 729w, https:\/\/vecinosdelinterior.com\/wp-content\/uploads\/2025\/02\/8-2-2025-19-39-22-300x300.jpg 300w, https:\/\/vecinosdelinterior.com\/wp-content\/uploads\/2025\/02\/8-2-2025-19-39-22-150x150.jpg 150w, https:\/\/vecinosdelinterior.com\/wp-content\/uploads\/2025\/02\/8-2-2025-19-39-22-75x75.jpg 75w\" sizes=\"(max-width: 729px) 100vw, 729px\" \/><\/figure>\n<\/figure>\n\n\n\n<p>Ver video en nuestra red social<\/p>\n","protected":false},"excerpt":{"rendered":"<p>El Trapiche, la lluvia y la tormenta arreciaron fuerteHay cables cortados y postes ca\u00eddos por lo que algunas zonas est\u00e1n sin el servicio el\u00e9ctrico. Ver video en nuestra red social<\/p>\n","protected":false},"author":1,"featured_media":3780,"comment_status":"open","ping_status":"open","sticky":false,"template":"","format":"standard","meta":{"footnotes":""},"categories":[99,2],"tags":[483,176,495],"class_list":["post-3779","post","type-post","status-publish","format-standard","has-post-thumbnail","hentry","category-el-trapiche","category-pringles","tag-clima","tag-medioambiente","tag-tormenta"],"_links":{"self":[{"href":"https:\/\/vecinosdelinterior.com\/index.php\/wp-json\/wp\/v2\/posts\/3779","targetHints":{"allow":["GET"]}}],"collection":[{"href":"https:\/\/vecinosdelinterior.com\/index.php\/wp-json\/wp\/v2\/posts"}],"about":[{"href":"https:\/\/vecinosdelinterior.com\/index.php\/wp-json\/wp\/v2\/types\/post"}],"author":[{"embeddable":true,"href":"https:\/\/vecinosdelinterior.com\/index.php\/wp-json\/wp\/v2\/users\/1"}],"replies":[{"embeddable":true,"href":"https:\/\/vecinosdelinterior.com\/index.php\/wp-json\/wp\/v2\/comments?post=3779"}],"version-history":[{"count":1,"href":"https:\/\/vecinosdelinterior.com\/index.php\/wp-json\/wp\/v2\/posts\/3779\/revisions"}],"predecessor-version":[{"id":3781,"href":"https:\/\/vecinosdelinterior.com\/index.php\/wp-json\/wp\/v2\/posts\/3779\/revisions\/3781"}],"wp:featuredmedia":[{"embeddable":true,"href":"https:\/\/vecinosdelinterior.com\/index.php\/wp-json\/wp\/v2\/media\/3780"}],"wp:attachment":[{"href":"https:\/\/vecinosdelinterior.com\/index.php\/wp-json\/wp\/v2\/media?parent=3779"}],"wp:term":[{"taxonomy":"category","embeddable":true,"href":"https:\/\/vecinosdelinterior.com\/index.php\/wp-json\/wp\/v2\/categories?post=3779"},{"taxonomy":"post_tag","embeddable":true,"href":"https:\/\/vecinosdelinterior.com\/index.php\/wp-json\/wp\/v2\/tags?post=3779"}],"curies":[{"name":"wp","href":"https:\/\/api.w.org\/{rel}","templated":true}]}}