{"id":3782,"date":"2025-02-08T17:44:00","date_gmt":"2025-02-08T20:44:00","guid":{"rendered":"https:\/\/vecinosdelinterior.com\/?p=3782"},"modified":"2025-02-08T19:45:55","modified_gmt":"2025-02-08T22:45:55","slug":"san-martin-las-callecitas-se-llenan-de-vida-con-cada-festival","status":"publish","type":"post","link":"https:\/\/vecinosdelinterior.com\/index.php\/2025\/02\/08\/san-martin-las-callecitas-se-llenan-de-vida-con-cada-festival\/","title":{"rendered":"San Martin: las callecitas se llenan de vida con cada festival"},"content":{"rendered":"\n<p>Fue otra noche de \u201cCultura en Verano\u201d junto a los vecinos y vecinas y el show de \u201cTob\u00edas y Thiago Lucero\u201d y Grupo E\u2019volucion<br>Todo, en lo que se apunta como una previa a lo que ser\u00e1 la nueva edici\u00f3n de la mayor expresi\u00f3n cultural.<br>\u00abEste viernes vimos comercios locales a full, feriantes mostrando sus productos y venta de servicio gastron\u00f3mico permanente en el marco de un gran movimiento econ\u00f3mico, cultural y social\u00bb publicaron en las redes sociales del municipio destacando lo que fue dicha jornada.<\/p>\n\n\n\n<figure class=\"wp-block-gallery has-nested-images columns-default is-cropped wp-block-gallery-1 is-layout-flex wp-block-gallery-is-layout-flex\">\n<figure class=\"wp-block-image size-large\"><img fetchpriority=\"high\" decoding=\"async\" width=\"1024\" height=\"576\" data-id=\"3786\" src=\"https:\/\/vecinosdelinterior.com\/wp-content\/uploads\/2025\/02\/476646112_940442934945194_3963736395291372883_n-1024x576.jpg\" alt=\"\" class=\"wp-image-3786\" srcset=\"https:\/\/vecinosdelinterior.com\/wp-content\/uploads\/2025\/02\/476646112_940442934945194_3963736395291372883_n-1024x576.jpg 1024w, https:\/\/vecinosdelinterior.com\/wp-content\/uploads\/2025\/02\/476646112_940442934945194_3963736395291372883_n-300x169.jpg 300w, https:\/\/vecinosdelinterior.com\/wp-content\/uploads\/2025\/02\/476646112_940442934945194_3963736395291372883_n-768x432.jpg 768w, https:\/\/vecinosdelinterior.com\/wp-content\/uploads\/2025\/02\/476646112_940442934945194_3963736395291372883_n-1536x864.jpg 1536w, https:\/\/vecinosdelinterior.com\/wp-content\/uploads\/2025\/02\/476646112_940442934945194_3963736395291372883_n-750x422.jpg 750w, https:\/\/vecinosdelinterior.com\/wp-content\/uploads\/2025\/02\/476646112_940442934945194_3963736395291372883_n-1140x641.jpg 1140w, https:\/\/vecinosdelinterior.com\/wp-content\/uploads\/2025\/02\/476646112_940442934945194_3963736395291372883_n.jpg 2048w\" sizes=\"(max-width: 1024px) 100vw, 1024px\" \/><\/figure>\n\n\n\n<figure class=\"wp-block-image size-large\"><img decoding=\"async\" width=\"1024\" height=\"576\" data-id=\"3784\" src=\"https:\/\/vecinosdelinterior.com\/wp-content\/uploads\/2025\/02\/475727770_940442751611879_6804657657413967147_n-1024x576.jpg\" alt=\"\" class=\"wp-image-3784\" srcset=\"https:\/\/vecinosdelinterior.com\/wp-content\/uploads\/2025\/02\/475727770_940442751611879_6804657657413967147_n-1024x576.jpg 1024w, https:\/\/vecinosdelinterior.com\/wp-content\/uploads\/2025\/02\/475727770_940442751611879_6804657657413967147_n-300x169.jpg 300w, https:\/\/vecinosdelinterior.com\/wp-content\/uploads\/2025\/02\/475727770_940442751611879_6804657657413967147_n-768x432.jpg 768w, https:\/\/vecinosdelinterior.com\/wp-content\/uploads\/2025\/02\/475727770_940442751611879_6804657657413967147_n-1536x864.jpg 1536w, https:\/\/vecinosdelinterior.com\/wp-content\/uploads\/2025\/02\/475727770_940442751611879_6804657657413967147_n-750x422.jpg 750w, https:\/\/vecinosdelinterior.com\/wp-content\/uploads\/2025\/02\/475727770_940442751611879_6804657657413967147_n-1140x641.jpg 1140w, https:\/\/vecinosdelinterior.com\/wp-content\/uploads\/2025\/02\/475727770_940442751611879_6804657657413967147_n.jpg 2048w\" sizes=\"(max-width: 1024px) 100vw, 1024px\" \/><\/figure>\n\n\n\n<figure class=\"wp-block-image size-large\"><img decoding=\"async\" width=\"1024\" height=\"576\" data-id=\"3787\" src=\"https:\/\/vecinosdelinterior.com\/wp-content\/uploads\/2025\/02\/476409665_940442814945206_8992188864351028190_n-1024x576.jpg\" alt=\"\" class=\"wp-image-3787\" srcset=\"https:\/\/vecinosdelinterior.com\/wp-content\/uploads\/2025\/02\/476409665_940442814945206_8992188864351028190_n-1024x576.jpg 1024w, https:\/\/vecinosdelinterior.com\/wp-content\/uploads\/2025\/02\/476409665_940442814945206_8992188864351028190_n-300x169.jpg 300w, https:\/\/vecinosdelinterior.com\/wp-content\/uploads\/2025\/02\/476409665_940442814945206_8992188864351028190_n-768x432.jpg 768w, https:\/\/vecinosdelinterior.com\/wp-content\/uploads\/2025\/02\/476409665_940442814945206_8992188864351028190_n-1536x864.jpg 1536w, https:\/\/vecinosdelinterior.com\/wp-content\/uploads\/2025\/02\/476409665_940442814945206_8992188864351028190_n-750x422.jpg 750w, https:\/\/vecinosdelinterior.com\/wp-content\/uploads\/2025\/02\/476409665_940442814945206_8992188864351028190_n-1140x641.jpg 1140w, https:\/\/vecinosdelinterior.com\/wp-content\/uploads\/2025\/02\/476409665_940442814945206_8992188864351028190_n.jpg 2048w\" sizes=\"(max-width: 1024px) 100vw, 1024px\" \/><\/figure>\n\n\n\n<figure class=\"wp-block-image size-large\"><img loading=\"lazy\" decoding=\"async\" width=\"757\" height=\"1024\" data-id=\"3783\" src=\"https:\/\/vecinosdelinterior.com\/wp-content\/uploads\/2025\/02\/476647686_940438144945673_3172705475849158051_n-757x1024.jpg\" alt=\"\" class=\"wp-image-3783\" srcset=\"https:\/\/vecinosdelinterior.com\/wp-content\/uploads\/2025\/02\/476647686_940438144945673_3172705475849158051_n-757x1024.jpg 757w, https:\/\/vecinosdelinterior.com\/wp-content\/uploads\/2025\/02\/476647686_940438144945673_3172705475849158051_n-222x300.jpg 222w, https:\/\/vecinosdelinterior.com\/wp-content\/uploads\/2025\/02\/476647686_940438144945673_3172705475849158051_n-768x1040.jpg 768w, https:\/\/vecinosdelinterior.com\/wp-content\/uploads\/2025\/02\/476647686_940438144945673_3172705475849158051_n-750x1015.jpg 750w, https:\/\/vecinosdelinterior.com\/wp-content\/uploads\/2025\/02\/476647686_940438144945673_3172705475849158051_n.jpg 987w\" sizes=\"(max-width: 757px) 100vw, 757px\" \/><\/figure>\n\n\n\n<figure class=\"wp-block-image size-large\"><img loading=\"lazy\" decoding=\"async\" width=\"576\" height=\"1024\" data-id=\"3785\" src=\"https:\/\/vecinosdelinterior.com\/wp-content\/uploads\/2025\/02\/475674980_940438214945666_8912902051269116462_n-576x1024.jpg\" alt=\"\" class=\"wp-image-3785\" srcset=\"https:\/\/vecinosdelinterior.com\/wp-content\/uploads\/2025\/02\/475674980_940438214945666_8912902051269116462_n-576x1024.jpg 576w, https:\/\/vecinosdelinterior.com\/wp-content\/uploads\/2025\/02\/475674980_940438214945666_8912902051269116462_n-169x300.jpg 169w, https:\/\/vecinosdelinterior.com\/wp-content\/uploads\/2025\/02\/475674980_940438214945666_8912902051269116462_n-768x1365.jpg 768w, https:\/\/vecinosdelinterior.com\/wp-content\/uploads\/2025\/02\/475674980_940438214945666_8912902051269116462_n-864x1536.jpg 864w, https:\/\/vecinosdelinterior.com\/wp-content\/uploads\/2025\/02\/475674980_940438214945666_8912902051269116462_n-750x1333.jpg 750w, https:\/\/vecinosdelinterior.com\/wp-content\/uploads\/2025\/02\/475674980_940438214945666_8912902051269116462_n-1140x2027.jpg 1140w, https:\/\/vecinosdelinterior.com\/wp-content\/uploads\/2025\/02\/475674980_940438214945666_8912902051269116462_n.jpg 1152w\" sizes=\"(max-width: 576px) 100vw, 576px\" \/><\/figure>\n<\/figure>\n","protected":false},"excerpt":{"rendered":"<p>Fue otra noche de \u201cCultura en Verano\u201d junto a los vecinos y vecinas y el show de \u201cTob\u00edas y Thiago Lucero\u201d y Grupo E\u2019volucionTodo, en lo que se apunta como una previa a lo que ser\u00e1 la nueva edici\u00f3n de la mayor expresi\u00f3n cultural.\u00abEste viernes vimos comercios locales a full, feriantes mostrando sus productos y [&hellip;]<\/p>\n","protected":false},"author":1,"featured_media":3787,"comment_status":"open","ping_status":"open","sticky":false,"template":"","format":"standard","meta":{"footnotes":""},"categories":[67],"tags":[],"class_list":["post-3782","post","type-post","status-publish","format-standard","has-post-thumbnail","hentry","category-san-martin"],"_links":{"self":[{"href":"https:\/\/vecinosdelinterior.com\/index.php\/wp-json\/wp\/v2\/posts\/3782","targetHints":{"allow":["GET"]}}],"collection":[{"href":"https:\/\/vecinosdelinterior.com\/index.php\/wp-json\/wp\/v2\/posts"}],"about":[{"href":"https:\/\/vecinosdelinterior.com\/index.php\/wp-json\/wp\/v2\/types\/post"}],"author":[{"embeddable":true,"href":"https:\/\/vecinosdelinterior.com\/index.php\/wp-json\/wp\/v2\/users\/1"}],"replies":[{"embeddable":true,"href":"https:\/\/vecinosdelinterior.com\/index.php\/wp-json\/wp\/v2\/comments?post=3782"}],"version-history":[{"count":1,"href":"https:\/\/vecinosdelinterior.com\/index.php\/wp-json\/wp\/v2\/posts\/3782\/revisions"}],"predecessor-version":[{"id":3788,"href":"https:\/\/vecinosdelinterior.com\/index.php\/wp-json\/wp\/v2\/posts\/3782\/revisions\/3788"}],"wp:featuredmedia":[{"embeddable":true,"href":"https:\/\/vecinosdelinterior.com\/index.php\/wp-json\/wp\/v2\/media\/3787"}],"wp:attachment":[{"href":"https:\/\/vecinosdelinterior.com\/index.php\/wp-json\/wp\/v2\/media?parent=3782"}],"wp:term":[{"taxonomy":"category","embeddable":true,"href":"https:\/\/vecinosdelinterior.com\/index.php\/wp-json\/wp\/v2\/categories?post=3782"},{"taxonomy":"post_tag","embeddable":true,"href":"https:\/\/vecinosdelinterior.com\/index.php\/wp-json\/wp\/v2\/tags?post=3782"}],"curies":[{"name":"wp","href":"https:\/\/api.w.org\/{rel}","templated":true}]}}