{"id":3800,"date":"2025-02-10T08:50:00","date_gmt":"2025-02-10T11:50:00","guid":{"rendered":"https:\/\/vecinosdelinterior.com\/?p=3800"},"modified":"2025-02-10T14:52:29","modified_gmt":"2025-02-10T17:52:29","slug":"el-volcan-ninos-con-ronchas-y-gastroenteritis-por-el-agua-contaminada","status":"publish","type":"post","link":"https:\/\/vecinosdelinterior.com\/index.php\/2025\/02\/10\/el-volcan-ninos-con-ronchas-y-gastroenteritis-por-el-agua-contaminada\/","title":{"rendered":"El Volc\u00e1n: Ni\u00f1os con ronchas y gastroenteritis por el agua contaminada"},"content":{"rendered":"\n<p>Dos semanas despu\u00e9s de que la jueza Cynthia Liliana Fern\u00e1ndez Paz, del Juzgado Civil, Comercial y Ambiental N\u00b0 5 de la Primera Circunscripci\u00f3n, dictara una medida cautelar para resolver el problema del agua en El Volc\u00e1n, se registra un aumento de enfermedades vinculadas con el uso del agua de red, como dermatitis y gastroenteritis.<\/p>\n\n\n\n<figure class=\"wp-block-gallery has-nested-images columns-default is-cropped wp-block-gallery-1 is-layout-flex wp-block-gallery-is-layout-flex\">\n<figure class=\"wp-block-image size-large\"><img fetchpriority=\"high\" decoding=\"async\" width=\"632\" height=\"1024\" data-id=\"3801\" src=\"https:\/\/vecinosdelinterior.com\/wp-content\/uploads\/2025\/02\/476836455_486948754455816_1053978382115769631_n-632x1024.jpg\" alt=\"\" class=\"wp-image-3801\" srcset=\"https:\/\/vecinosdelinterior.com\/wp-content\/uploads\/2025\/02\/476836455_486948754455816_1053978382115769631_n-632x1024.jpg 632w, https:\/\/vecinosdelinterior.com\/wp-content\/uploads\/2025\/02\/476836455_486948754455816_1053978382115769631_n-185x300.jpg 185w, https:\/\/vecinosdelinterior.com\/wp-content\/uploads\/2025\/02\/476836455_486948754455816_1053978382115769631_n.jpg 671w\" sizes=\"(max-width: 632px) 100vw, 632px\" \/><\/figure>\n<\/figure>\n\n\n\n<p><br>Alejandro Guzm\u00e1n, vecino y exconcejal de la localidad, asegur\u00f3 que \u00abla situaci\u00f3n no ha mejorado en nada\u00bb respecto de la suciedad del agua que llega a los domicilios, lo que provoc\u00f3 un incremento de infecciones en la piel y casos de gastroenteritis.<br>En su fallo, la jueza orden\u00f3 al Municipio abastecer a los vecinos con agua potable y emplaz\u00f3 al Gobierno provincial a terminar la obra del acueducto La Florida II, que permitir\u00e1 a la planta potabilizadora tomar agua cruda de otro dique.<br>El problema, explic\u00f3 Guzm\u00e1n, es que el dique La Estrechura, que actualmente abastece a la planta, recibe agua de un r\u00edo con un alto nivel de contaminaci\u00f3n, lo que hace imposible su potabilizaci\u00f3n.<br>\u00abEl Gobierno quiere apelar un fallo que es inapelable. Tienen que hacer la obra; no les estamos pidiendo plata para un festival, es para tener agua potable\u00bb, reclam\u00f3 en declaraciones a SanLuis24 Radio.<br>A la obra del acueducto solo le faltan 1.500 metros de ca\u00f1er\u00eda, por lo que la jueza estableci\u00f3 un plazo de 60 d\u00edas para su finalizaci\u00f3n. Sin embargo, el Ejecutivo provincial adelant\u00f3 que cuestionar\u00e1 la decisi\u00f3n judicial.<br>**Aumento de casos de gastroenteritis y problemas en la piel<br>Guzm\u00e1n tambi\u00e9n se\u00f1al\u00f3 que la empresa encargada de la obra, Semisa, se neg\u00f3 a completarla porque el Gobierno no abon\u00f3 los certificados correspondientes. \u00abLo llamativo es que esa misma firma recibi\u00f3 adjudicaciones para otras obras despu\u00e9s de ese conflicto\u00bb, apunt\u00f3.<br>\u00abLa empresa incumple y es premiada, eso es algo il\u00f3gico. Pero a Semisa la premiaron con m\u00e1s obras en el interior. Y resulta que el mayor accionista de la empresa es el vicegobernador (Ricardo) Endeiza\u00bb, denunci\u00f3.<br>Mientras tanto, los casos de enfermedades por el uso del agua aumentan. \u00abHay ni\u00f1os con ronchas, dermatitis, gastroenteritis, otitis, conjuntivitis. No es un problema menor. No te pod\u00e9s ni ba\u00f1ar con esa agua\u00bb, advirti\u00f3. Fuente: SL24<\/p>\n","protected":false},"excerpt":{"rendered":"<p>Dos semanas despu\u00e9s de que la jueza Cynthia Liliana Fern\u00e1ndez Paz, del Juzgado Civil, Comercial y Ambiental N\u00b0 5 de la Primera Circunscripci\u00f3n, dictara una medida cautelar para resolver el problema del agua en El Volc\u00e1n, se registra un aumento de enfermedades vinculadas con el uso del agua de red, como dermatitis y gastroenteritis. Alejandro [&hellip;]<\/p>\n","protected":false},"author":1,"featured_media":3801,"comment_status":"open","ping_status":"open","sticky":false,"template":"","format":"standard","meta":{"footnotes":""},"categories":[13,12],"tags":[176],"class_list":["post-3800","post","type-post","status-publish","format-standard","has-post-thumbnail","hentry","category-el-volcan","category-pueyrredon","tag-medioambiente"],"_links":{"self":[{"href":"https:\/\/vecinosdelinterior.com\/index.php\/wp-json\/wp\/v2\/posts\/3800","targetHints":{"allow":["GET"]}}],"collection":[{"href":"https:\/\/vecinosdelinterior.com\/index.php\/wp-json\/wp\/v2\/posts"}],"about":[{"href":"https:\/\/vecinosdelinterior.com\/index.php\/wp-json\/wp\/v2\/types\/post"}],"author":[{"embeddable":true,"href":"https:\/\/vecinosdelinterior.com\/index.php\/wp-json\/wp\/v2\/users\/1"}],"replies":[{"embeddable":true,"href":"https:\/\/vecinosdelinterior.com\/index.php\/wp-json\/wp\/v2\/comments?post=3800"}],"version-history":[{"count":1,"href":"https:\/\/vecinosdelinterior.com\/index.php\/wp-json\/wp\/v2\/posts\/3800\/revisions"}],"predecessor-version":[{"id":3802,"href":"https:\/\/vecinosdelinterior.com\/index.php\/wp-json\/wp\/v2\/posts\/3800\/revisions\/3802"}],"wp:featuredmedia":[{"embeddable":true,"href":"https:\/\/vecinosdelinterior.com\/index.php\/wp-json\/wp\/v2\/media\/3801"}],"wp:attachment":[{"href":"https:\/\/vecinosdelinterior.com\/index.php\/wp-json\/wp\/v2\/media?parent=3800"}],"wp:term":[{"taxonomy":"category","embeddable":true,"href":"https:\/\/vecinosdelinterior.com\/index.php\/wp-json\/wp\/v2\/categories?post=3800"},{"taxonomy":"post_tag","embeddable":true,"href":"https:\/\/vecinosdelinterior.com\/index.php\/wp-json\/wp\/v2\/tags?post=3800"}],"curies":[{"name":"wp","href":"https:\/\/api.w.org\/{rel}","templated":true}]}}