{"id":3814,"date":"2025-02-09T12:18:00","date_gmt":"2025-02-09T15:18:00","guid":{"rendered":"https:\/\/vecinosdelinterior.com\/?p=3814"},"modified":"2025-02-10T15:21:41","modified_gmt":"2025-02-10T18:21:41","slug":"incendio-en-el-cordon-serrano-entre-san-francisco-y-la-carolina","status":"publish","type":"post","link":"https:\/\/vecinosdelinterior.com\/index.php\/2025\/02\/09\/incendio-en-el-cordon-serrano-entre-san-francisco-y-la-carolina\/","title":{"rendered":"Incendio en el cord\u00f3n serrano, entre San Francisco y La Carolina"},"content":{"rendered":"\n<p>En la noche del s\u00e1bado, el cuartel de Bomberos Voluntarios de La Carolina recibi\u00f3 una alarma sobre un incendio forestal en el cord\u00f3n serrano de San Luis, entre San Francisco del Monte de Oro y La Carolina. Debido a las condiciones desfavorables del terreno y la falta de recursos a\u00e9reos para combatir el fuego, el incendio avanz\u00f3 libremente durante el domingo y reci\u00e9n este lunes los bomberos pudieron alistarse para combatir las llamas.<\/p>\n\n\n\n<p>Seg\u00fan informaron desde el cuartel de La Carolina, \u201cel frente de incendio avanza hacia el noreste\u201d, adem\u00e1s, \u201cel viento hoy ser\u00e1 fuerte y se prev\u00e9 un importante avance del mismo\u201d. En ese sentido, la Red de Estaciones Meteorol\u00f3gicas emiti\u00f3 una alerta por fuertes vientos, ya que se esperan corrientes de entre 39 a 49 km\/h, con r\u00e1fagas de 70 km\/h o m\u00e1s.<\/p>\n\n\n\n<p>Por otra parte, el cuartel subray\u00f3 que el foco se desarrolla en una zona donde \u201clas precipitaciones han sido escasas, por ende, tiene una carga de combustible importante favorecida por la sequ\u00eda\u201d.<\/p>\n\n\n\n<p>Una dotaci\u00f3n de La Carolina ya se encuentra trabajando en el lugar, adem\u00e1s se pidi\u00f3 la colaboraci\u00f3n de otros cuarteles y se espera el arribo de refuerzos.<\/p>\n\n\n\n<p>(Ecopress)<\/p>\n","protected":false},"excerpt":{"rendered":"<p>En la noche del s\u00e1bado, el cuartel de Bomberos Voluntarios de La Carolina recibi\u00f3 una alarma sobre un incendio forestal en el cord\u00f3n serrano de San Luis, entre San Francisco del Monte de Oro y La Carolina. Debido a las condiciones desfavorables del terreno y la falta de recursos a\u00e9reos para combatir el fuego, el [&hellip;]<\/p>\n","protected":false},"author":1,"featured_media":3815,"comment_status":"open","ping_status":"open","sticky":false,"template":"","format":"standard","meta":{"footnotes":""},"categories":[9],"tags":[],"class_list":["post-3814","post","type-post","status-publish","format-standard","has-post-thumbnail","hentry","category-san-francisco"],"_links":{"self":[{"href":"https:\/\/vecinosdelinterior.com\/index.php\/wp-json\/wp\/v2\/posts\/3814","targetHints":{"allow":["GET"]}}],"collection":[{"href":"https:\/\/vecinosdelinterior.com\/index.php\/wp-json\/wp\/v2\/posts"}],"about":[{"href":"https:\/\/vecinosdelinterior.com\/index.php\/wp-json\/wp\/v2\/types\/post"}],"author":[{"embeddable":true,"href":"https:\/\/vecinosdelinterior.com\/index.php\/wp-json\/wp\/v2\/users\/1"}],"replies":[{"embeddable":true,"href":"https:\/\/vecinosdelinterior.com\/index.php\/wp-json\/wp\/v2\/comments?post=3814"}],"version-history":[{"count":1,"href":"https:\/\/vecinosdelinterior.com\/index.php\/wp-json\/wp\/v2\/posts\/3814\/revisions"}],"predecessor-version":[{"id":3816,"href":"https:\/\/vecinosdelinterior.com\/index.php\/wp-json\/wp\/v2\/posts\/3814\/revisions\/3816"}],"wp:featuredmedia":[{"embeddable":true,"href":"https:\/\/vecinosdelinterior.com\/index.php\/wp-json\/wp\/v2\/media\/3815"}],"wp:attachment":[{"href":"https:\/\/vecinosdelinterior.com\/index.php\/wp-json\/wp\/v2\/media?parent=3814"}],"wp:term":[{"taxonomy":"category","embeddable":true,"href":"https:\/\/vecinosdelinterior.com\/index.php\/wp-json\/wp\/v2\/categories?post=3814"},{"taxonomy":"post_tag","embeddable":true,"href":"https:\/\/vecinosdelinterior.com\/index.php\/wp-json\/wp\/v2\/tags?post=3814"}],"curies":[{"name":"wp","href":"https:\/\/api.w.org\/{rel}","templated":true}]}}