{"id":3820,"date":"2025-02-11T10:40:00","date_gmt":"2025-02-11T13:40:00","guid":{"rendered":"https:\/\/vecinosdelinterior.com\/?p=3820"},"modified":"2025-02-11T11:48:17","modified_gmt":"2025-02-11T14:48:17","slug":"buena-esperanza-brillo-con-una-noche-historica-de-jineteada-y-folclore","status":"publish","type":"post","link":"https:\/\/vecinosdelinterior.com\/index.php\/2025\/02\/11\/buena-esperanza-brillo-con-una-noche-historica-de-jineteada-y-folclore\/","title":{"rendered":"Buena Esperanza brill\u00f3 con una noche hist\u00f3rica de jineteada y folclore."},"content":{"rendered":"\n<p><\/p>\n\n\n\n<p>El pasado 8 de febrero, Buena Esperanza vivi\u00f3 un hito cultural con una gran jornada de jineteada y folclore en el Campo de Doma, donde m\u00e1s de 1.500 personas disfrutaron de un evento que combin\u00f3 tradici\u00f3n, m\u00fasica y el compromiso de una gesti\u00f3n que apuesta al crecimiento local. La noche estuvo marcada por la presencia de grandes exponentes de la jineteada, entre ellos el subcampe\u00f3n de Jes\u00fas Mar\u00eda, Alexis Zabala, quien destac\u00f3 la calidez del p\u00fablico y el nivel de la organizaci\u00f3n, expresando su agradecimiento a la localidad y a la Municipalidad por la invitaci\u00f3n.<\/p>\n\n\n\n<p>Este encuentro tambi\u00e9n fue el escenario de un avance significativo para el desarrollo de la infraestructura local con la inauguraci\u00f3n del sistema de iluminaci\u00f3n del Campo de Doma, una obra impulsada por la gesti\u00f3n municipal que permitir\u00e1 potenciar los eventos culturales en la regi\u00f3n. La intendente Sof\u00eda Larroud\u00e9 resalt\u00f3 la importancia de esta inversi\u00f3n, destacando que Buena Esperanza sigue creciendo y consolid\u00e1ndose como punto de referencia en la regi\u00f3n de Dupuy, no solo por sus tradiciones, sino tambi\u00e9n por el trabajo sostenido en mejorar la infraestructura y generar oportunidades para la comunidad.<\/p>\n\n\n\n<figure class=\"wp-block-gallery has-nested-images columns-default is-cropped wp-block-gallery-1 is-layout-flex wp-block-gallery-is-layout-flex\">\n<figure class=\"wp-block-image size-large\"><img fetchpriority=\"high\" decoding=\"async\" width=\"1024\" height=\"682\" data-id=\"3822\" src=\"https:\/\/vecinosdelinterior.com\/wp-content\/uploads\/2025\/02\/476452912_122199124640146161_874707166017075722_n-1024x682.jpg\" alt=\"\" class=\"wp-image-3822\" srcset=\"https:\/\/vecinosdelinterior.com\/wp-content\/uploads\/2025\/02\/476452912_122199124640146161_874707166017075722_n-1024x682.jpg 1024w, https:\/\/vecinosdelinterior.com\/wp-content\/uploads\/2025\/02\/476452912_122199124640146161_874707166017075722_n-300x200.jpg 300w, https:\/\/vecinosdelinterior.com\/wp-content\/uploads\/2025\/02\/476452912_122199124640146161_874707166017075722_n-768x512.jpg 768w, https:\/\/vecinosdelinterior.com\/wp-content\/uploads\/2025\/02\/476452912_122199124640146161_874707166017075722_n-750x500.jpg 750w, https:\/\/vecinosdelinterior.com\/wp-content\/uploads\/2025\/02\/476452912_122199124640146161_874707166017075722_n-1140x760.jpg 1140w, https:\/\/vecinosdelinterior.com\/wp-content\/uploads\/2025\/02\/476452912_122199124640146161_874707166017075722_n.jpg 1280w\" sizes=\"(max-width: 1024px) 100vw, 1024px\" \/><\/figure>\n\n\n\n<figure class=\"wp-block-image size-large\"><img decoding=\"async\" width=\"1024\" height=\"682\" data-id=\"3825\" src=\"https:\/\/vecinosdelinterior.com\/wp-content\/uploads\/2025\/02\/WhatsApp-Image-2025-02-11-at-10.32.11-AM-1024x682.jpeg\" alt=\"\" class=\"wp-image-3825\" srcset=\"https:\/\/vecinosdelinterior.com\/wp-content\/uploads\/2025\/02\/WhatsApp-Image-2025-02-11-at-10.32.11-AM-1024x682.jpeg 1024w, https:\/\/vecinosdelinterior.com\/wp-content\/uploads\/2025\/02\/WhatsApp-Image-2025-02-11-at-10.32.11-AM-300x200.jpeg 300w, https:\/\/vecinosdelinterior.com\/wp-content\/uploads\/2025\/02\/WhatsApp-Image-2025-02-11-at-10.32.11-AM-768x512.jpeg 768w, https:\/\/vecinosdelinterior.com\/wp-content\/uploads\/2025\/02\/WhatsApp-Image-2025-02-11-at-10.32.11-AM-750x500.jpeg 750w, https:\/\/vecinosdelinterior.com\/wp-content\/uploads\/2025\/02\/WhatsApp-Image-2025-02-11-at-10.32.11-AM-1140x760.jpeg 1140w, https:\/\/vecinosdelinterior.com\/wp-content\/uploads\/2025\/02\/WhatsApp-Image-2025-02-11-at-10.32.11-AM.jpeg 1280w\" sizes=\"(max-width: 1024px) 100vw, 1024px\" \/><\/figure>\n\n\n\n<figure class=\"wp-block-image size-large\"><img decoding=\"async\" width=\"1024\" height=\"682\" data-id=\"3821\" src=\"https:\/\/vecinosdelinterior.com\/wp-content\/uploads\/2025\/02\/476827405_122199124670146161_8466173043933574814_n-1024x682.jpg\" alt=\"\" class=\"wp-image-3821\" srcset=\"https:\/\/vecinosdelinterior.com\/wp-content\/uploads\/2025\/02\/476827405_122199124670146161_8466173043933574814_n-1024x682.jpg 1024w, https:\/\/vecinosdelinterior.com\/wp-content\/uploads\/2025\/02\/476827405_122199124670146161_8466173043933574814_n-300x200.jpg 300w, https:\/\/vecinosdelinterior.com\/wp-content\/uploads\/2025\/02\/476827405_122199124670146161_8466173043933574814_n-768x512.jpg 768w, https:\/\/vecinosdelinterior.com\/wp-content\/uploads\/2025\/02\/476827405_122199124670146161_8466173043933574814_n-750x500.jpg 750w, https:\/\/vecinosdelinterior.com\/wp-content\/uploads\/2025\/02\/476827405_122199124670146161_8466173043933574814_n-1140x760.jpg 1140w, https:\/\/vecinosdelinterior.com\/wp-content\/uploads\/2025\/02\/476827405_122199124670146161_8466173043933574814_n.jpg 1280w\" sizes=\"(max-width: 1024px) 100vw, 1024px\" \/><\/figure>\n\n\n\n<figure class=\"wp-block-image size-large\"><img loading=\"lazy\" decoding=\"async\" width=\"1024\" height=\"682\" data-id=\"3824\" src=\"https:\/\/vecinosdelinterior.com\/wp-content\/uploads\/2025\/02\/WhatsApp-Image-2025-02-11-at-9.12.34-AM-1-1024x682.jpeg\" alt=\"\" class=\"wp-image-3824\" srcset=\"https:\/\/vecinosdelinterior.com\/wp-content\/uploads\/2025\/02\/WhatsApp-Image-2025-02-11-at-9.12.34-AM-1-1024x682.jpeg 1024w, https:\/\/vecinosdelinterior.com\/wp-content\/uploads\/2025\/02\/WhatsApp-Image-2025-02-11-at-9.12.34-AM-1-300x200.jpeg 300w, https:\/\/vecinosdelinterior.com\/wp-content\/uploads\/2025\/02\/WhatsApp-Image-2025-02-11-at-9.12.34-AM-1-768x512.jpeg 768w, https:\/\/vecinosdelinterior.com\/wp-content\/uploads\/2025\/02\/WhatsApp-Image-2025-02-11-at-9.12.34-AM-1-750x500.jpeg 750w, https:\/\/vecinosdelinterior.com\/wp-content\/uploads\/2025\/02\/WhatsApp-Image-2025-02-11-at-9.12.34-AM-1-1140x760.jpeg 1140w, https:\/\/vecinosdelinterior.com\/wp-content\/uploads\/2025\/02\/WhatsApp-Image-2025-02-11-at-9.12.34-AM-1.jpeg 1280w\" sizes=\"(max-width: 1024px) 100vw, 1024px\" \/><\/figure>\n\n\n\n<figure class=\"wp-block-image size-large\"><img loading=\"lazy\" decoding=\"async\" width=\"1024\" height=\"682\" data-id=\"3823\" src=\"https:\/\/vecinosdelinterior.com\/wp-content\/uploads\/2025\/02\/WhatsApp-Image-2025-02-11-at-9.12.34-AM-1024x682.jpeg\" alt=\"\" class=\"wp-image-3823\" srcset=\"https:\/\/vecinosdelinterior.com\/wp-content\/uploads\/2025\/02\/WhatsApp-Image-2025-02-11-at-9.12.34-AM-1024x682.jpeg 1024w, https:\/\/vecinosdelinterior.com\/wp-content\/uploads\/2025\/02\/WhatsApp-Image-2025-02-11-at-9.12.34-AM-300x200.jpeg 300w, https:\/\/vecinosdelinterior.com\/wp-content\/uploads\/2025\/02\/WhatsApp-Image-2025-02-11-at-9.12.34-AM-768x512.jpeg 768w, https:\/\/vecinosdelinterior.com\/wp-content\/uploads\/2025\/02\/WhatsApp-Image-2025-02-11-at-9.12.34-AM-750x500.jpeg 750w, https:\/\/vecinosdelinterior.com\/wp-content\/uploads\/2025\/02\/WhatsApp-Image-2025-02-11-at-9.12.34-AM-1140x760.jpeg 1140w, https:\/\/vecinosdelinterior.com\/wp-content\/uploads\/2025\/02\/WhatsApp-Image-2025-02-11-at-9.12.34-AM.jpeg 1280w\" sizes=\"(max-width: 1024px) 100vw, 1024px\" \/><\/figure>\n\n\n\n<figure class=\"wp-block-image size-large\"><img loading=\"lazy\" decoding=\"async\" width=\"1024\" height=\"682\" data-id=\"3826\" src=\"https:\/\/vecinosdelinterior.com\/wp-content\/uploads\/2025\/02\/WhatsApp-Image-2025-02-11-at-9.12.33-AM-1024x682.jpeg\" alt=\"\" class=\"wp-image-3826\" srcset=\"https:\/\/vecinosdelinterior.com\/wp-content\/uploads\/2025\/02\/WhatsApp-Image-2025-02-11-at-9.12.33-AM-1024x682.jpeg 1024w, https:\/\/vecinosdelinterior.com\/wp-content\/uploads\/2025\/02\/WhatsApp-Image-2025-02-11-at-9.12.33-AM-300x200.jpeg 300w, https:\/\/vecinosdelinterior.com\/wp-content\/uploads\/2025\/02\/WhatsApp-Image-2025-02-11-at-9.12.33-AM-768x512.jpeg 768w, https:\/\/vecinosdelinterior.com\/wp-content\/uploads\/2025\/02\/WhatsApp-Image-2025-02-11-at-9.12.33-AM-750x500.jpeg 750w, https:\/\/vecinosdelinterior.com\/wp-content\/uploads\/2025\/02\/WhatsApp-Image-2025-02-11-at-9.12.33-AM-1140x760.jpeg 1140w, https:\/\/vecinosdelinterior.com\/wp-content\/uploads\/2025\/02\/WhatsApp-Image-2025-02-11-at-9.12.33-AM.jpeg 1280w\" sizes=\"(max-width: 1024px) 100vw, 1024px\" \/><\/figure>\n<\/figure>\n\n\n\n<p>Uno de los ejes fundamentales del evento fue el impulso a la econom\u00eda local a trav\u00e9s del espacio exclusivo destinado a emprendedores, artesanos y productores de la zona, quienes pudieron exhibir y comercializar sus productos ante un p\u00fablico masivo. Esta iniciativa permiti\u00f3 dinamizar la econom\u00eda regional, brindando oportunidades concretas para quienes trabajan y generan empleo en Buena Esperanza. La gesti\u00f3n municipal ha puesto en valor el papel de estos encuentros como una herramienta para fortalecer el circuito productivo local, promoviendo el comercio y la producci\u00f3n independiente.<\/p>\n\n\n\n<p>El espect\u00e1culo cont\u00f3 con la destacada participaci\u00f3n de Renacer Chamamecero, Trashumantes, Los del Canto Amigo y la banda Sabor, quienes hicieron vibrar a los asistentes con su m\u00fasica. Tambi\u00e9n se vivi\u00f3 un emotivo momento con la puesta en escena del Peric\u00f3n Nacional, a cargo de vecinos de la localidad, reafirmando el arraigo cultural y el sentido de identidad de Buena Esperanza.<\/p>\n\n\n\n<p>La jornada fue posible gracias al trabajo articulado entre el equipo municipal, los organizadores y los colaboradores que se esforzaron para que cada detalle estuviera a la altura de un evento de esta magnitud. La nueva iluminaci\u00f3n del Campo de Doma, adem\u00e1s de garantizar un espect\u00e1culo nocturno de primer nivel, representa un paso clave en la consolidaci\u00f3n de Buena Esperanza como un polo cultural y econ\u00f3mico dentro de la provincia. La intendente Larroude subray\u00f3 la importancia de seguir apostando por el crecimiento y la proyecci\u00f3n de la localidad, asegurando que estas iniciativas no solo enriquecen la vida de los vecinos, sino que tambi\u00e9n posicionan a Buena Esperanza como un referente en la regi\u00f3n.<\/p>\n","protected":false},"excerpt":{"rendered":"<p>El pasado 8 de febrero, Buena Esperanza vivi\u00f3 un hito cultural con una gran jornada de jineteada y folclore en el Campo de Doma, donde m\u00e1s de 1.500 personas disfrutaron de un evento que combin\u00f3 tradici\u00f3n, m\u00fasica y el compromiso de una gesti\u00f3n que apuesta al crecimiento local. La noche estuvo marcada por la presencia [&hellip;]<\/p>\n","protected":false},"author":1,"featured_media":3824,"comment_status":"open","ping_status":"open","sticky":false,"template":"","format":"standard","meta":{"footnotes":""},"categories":[18,16],"tags":[494,177],"class_list":["post-3820","post","type-post","status-publish","format-standard","has-post-thumbnail","hentry","category-buena-esperanza-dupuy","category-dupuy","tag-festival-de-doma","tag-gestiones-destacadas"],"_links":{"self":[{"href":"https:\/\/vecinosdelinterior.com\/index.php\/wp-json\/wp\/v2\/posts\/3820","targetHints":{"allow":["GET"]}}],"collection":[{"href":"https:\/\/vecinosdelinterior.com\/index.php\/wp-json\/wp\/v2\/posts"}],"about":[{"href":"https:\/\/vecinosdelinterior.com\/index.php\/wp-json\/wp\/v2\/types\/post"}],"author":[{"embeddable":true,"href":"https:\/\/vecinosdelinterior.com\/index.php\/wp-json\/wp\/v2\/users\/1"}],"replies":[{"embeddable":true,"href":"https:\/\/vecinosdelinterior.com\/index.php\/wp-json\/wp\/v2\/comments?post=3820"}],"version-history":[{"count":2,"href":"https:\/\/vecinosdelinterior.com\/index.php\/wp-json\/wp\/v2\/posts\/3820\/revisions"}],"predecessor-version":[{"id":3828,"href":"https:\/\/vecinosdelinterior.com\/index.php\/wp-json\/wp\/v2\/posts\/3820\/revisions\/3828"}],"wp:featuredmedia":[{"embeddable":true,"href":"https:\/\/vecinosdelinterior.com\/index.php\/wp-json\/wp\/v2\/media\/3824"}],"wp:attachment":[{"href":"https:\/\/vecinosdelinterior.com\/index.php\/wp-json\/wp\/v2\/media?parent=3820"}],"wp:term":[{"taxonomy":"category","embeddable":true,"href":"https:\/\/vecinosdelinterior.com\/index.php\/wp-json\/wp\/v2\/categories?post=3820"},{"taxonomy":"post_tag","embeddable":true,"href":"https:\/\/vecinosdelinterior.com\/index.php\/wp-json\/wp\/v2\/tags?post=3820"}],"curies":[{"name":"wp","href":"https:\/\/api.w.org\/{rel}","templated":true}]}}