{"id":3829,"date":"2025-02-11T07:43:00","date_gmt":"2025-02-11T10:43:00","guid":{"rendered":"https:\/\/vecinosdelinterior.com\/?p=3829"},"modified":"2025-02-11T11:47:20","modified_gmt":"2025-02-11T14:47:20","slug":"juana-koslay-comenzo-con-la-construccion-del-centro-de-monitoreo-para-la-seguridad","status":"publish","type":"post","link":"https:\/\/vecinosdelinterior.com\/index.php\/2025\/02\/11\/juana-koslay-comenzo-con-la-construccion-del-centro-de-monitoreo-para-la-seguridad\/","title":{"rendered":"Juana Koslay comenz\u00f3 con la construcci\u00f3n del Centro de Monitoreo para la seguridad"},"content":{"rendered":"\n<p>El Centro de Monitoreo para reforzar la seguridad en nuestra ciudad comienza a avanzar en su construcci\u00f3n. El intendente Jorge \u201cToti\u201d Videla, mostr\u00f3 los avances de la obra que ser\u00e1 un hecho importante para la tranquilidad de todos los vecinos.<\/p>\n\n\n\n<p>El moderno edificio tendr\u00e1 sala de monitoreo, y control de c\u00e1maras y sistema de drones, tecnolog\u00eda vanguardia y uso de Inteligencia Artificial como parte de su sistema.<\/p>\n\n\n\n<p>A continuaci\u00f3n, compartimos el video de presentaci\u00f3n de la obra que ya comenz\u00f3 con la etapa inicial que es la construcci\u00f3n de los cimientos y su estructura.<\/p>\n\n\n\n<figure class=\"wp-block-image size-large\"><img fetchpriority=\"high\" decoding=\"async\" width=\"1024\" height=\"1024\" src=\"https:\/\/vecinosdelinterior.com\/wp-content\/uploads\/2025\/02\/WhatsApp-Image-2025-02-10-at-1.11.35-PM-1024x1024.jpeg\" alt=\"\" class=\"wp-image-3830\" srcset=\"https:\/\/vecinosdelinterior.com\/wp-content\/uploads\/2025\/02\/WhatsApp-Image-2025-02-10-at-1.11.35-PM-1024x1024.jpeg 1024w, https:\/\/vecinosdelinterior.com\/wp-content\/uploads\/2025\/02\/WhatsApp-Image-2025-02-10-at-1.11.35-PM-300x300.jpeg 300w, https:\/\/vecinosdelinterior.com\/wp-content\/uploads\/2025\/02\/WhatsApp-Image-2025-02-10-at-1.11.35-PM-150x150.jpeg 150w, https:\/\/vecinosdelinterior.com\/wp-content\/uploads\/2025\/02\/WhatsApp-Image-2025-02-10-at-1.11.35-PM-768x768.jpeg 768w, https:\/\/vecinosdelinterior.com\/wp-content\/uploads\/2025\/02\/WhatsApp-Image-2025-02-10-at-1.11.35-PM-1536x1536.jpeg 1536w, https:\/\/vecinosdelinterior.com\/wp-content\/uploads\/2025\/02\/WhatsApp-Image-2025-02-10-at-1.11.35-PM-75x75.jpeg 75w, https:\/\/vecinosdelinterior.com\/wp-content\/uploads\/2025\/02\/WhatsApp-Image-2025-02-10-at-1.11.35-PM-750x750.jpeg 750w, https:\/\/vecinosdelinterior.com\/wp-content\/uploads\/2025\/02\/WhatsApp-Image-2025-02-10-at-1.11.35-PM-1140x1139.jpeg 1140w, https:\/\/vecinosdelinterior.com\/wp-content\/uploads\/2025\/02\/WhatsApp-Image-2025-02-10-at-1.11.35-PM.jpeg 1600w\" sizes=\"(max-width: 1024px) 100vw, 1024px\" \/><\/figure>\n","protected":false},"excerpt":{"rendered":"<p>El Centro de Monitoreo para reforzar la seguridad en nuestra ciudad comienza a avanzar en su construcci\u00f3n. El intendente Jorge \u201cToti\u201d Videla, mostr\u00f3 los avances de la obra que ser\u00e1 un hecho importante para la tranquilidad de todos los vecinos. El moderno edificio tendr\u00e1 sala de monitoreo, y control de c\u00e1maras y sistema de drones, [&hellip;]<\/p>\n","protected":false},"author":1,"featured_media":3830,"comment_status":"open","ping_status":"open","sticky":false,"template":"","format":"standard","meta":{"footnotes":""},"categories":[398,12],"tags":[177],"class_list":["post-3829","post","type-post","status-publish","format-standard","has-post-thumbnail","hentry","category-juana-koslay","category-pueyrredon","tag-gestiones-destacadas"],"_links":{"self":[{"href":"https:\/\/vecinosdelinterior.com\/index.php\/wp-json\/wp\/v2\/posts\/3829","targetHints":{"allow":["GET"]}}],"collection":[{"href":"https:\/\/vecinosdelinterior.com\/index.php\/wp-json\/wp\/v2\/posts"}],"about":[{"href":"https:\/\/vecinosdelinterior.com\/index.php\/wp-json\/wp\/v2\/types\/post"}],"author":[{"embeddable":true,"href":"https:\/\/vecinosdelinterior.com\/index.php\/wp-json\/wp\/v2\/users\/1"}],"replies":[{"embeddable":true,"href":"https:\/\/vecinosdelinterior.com\/index.php\/wp-json\/wp\/v2\/comments?post=3829"}],"version-history":[{"count":1,"href":"https:\/\/vecinosdelinterior.com\/index.php\/wp-json\/wp\/v2\/posts\/3829\/revisions"}],"predecessor-version":[{"id":3831,"href":"https:\/\/vecinosdelinterior.com\/index.php\/wp-json\/wp\/v2\/posts\/3829\/revisions\/3831"}],"wp:featuredmedia":[{"embeddable":true,"href":"https:\/\/vecinosdelinterior.com\/index.php\/wp-json\/wp\/v2\/media\/3830"}],"wp:attachment":[{"href":"https:\/\/vecinosdelinterior.com\/index.php\/wp-json\/wp\/v2\/media?parent=3829"}],"wp:term":[{"taxonomy":"category","embeddable":true,"href":"https:\/\/vecinosdelinterior.com\/index.php\/wp-json\/wp\/v2\/categories?post=3829"},{"taxonomy":"post_tag","embeddable":true,"href":"https:\/\/vecinosdelinterior.com\/index.php\/wp-json\/wp\/v2\/tags?post=3829"}],"curies":[{"name":"wp","href":"https:\/\/api.w.org\/{rel}","templated":true}]}}