{"id":3838,"date":"2025-02-13T09:26:00","date_gmt":"2025-02-13T12:26:00","guid":{"rendered":"https:\/\/vecinosdelinterior.com\/?p=3838"},"modified":"2025-02-13T10:27:32","modified_gmt":"2025-02-13T13:27:32","slug":"informacion-sobre-acreditaciones-de-prensa-para-el-carnaval-de-tilisarao","status":"publish","type":"post","link":"https:\/\/vecinosdelinterior.com\/index.php\/2025\/02\/13\/informacion-sobre-acreditaciones-de-prensa-para-el-carnaval-de-tilisarao\/","title":{"rendered":"Informaci\u00f3n sobre acreditaciones de prensa para el carnaval de Tilisarao"},"content":{"rendered":"\n<p>vecinosdelinterior.com \/ 13 de febrero<\/p>\n\n\n\n<p>La prensa que va a trabajar en la cobertura del evento debe acreditarse con 48 hs. de anticipaci\u00f3n al siguiente email comunicaciontilisarao@gmail.com<\/p>\n\n\n\n<p>En el email se adjuntar\u00e1 cantidad de personas respetando los l\u00edmites por medios acreditados: fot\u00f3grafo 1, redes 2, coberturas especiales 3 m\u00e1ximo. Deber\u00e1n consignar medio al que pertenece, con la respectiva autorizaci\u00f3n.<\/p>\n\n\n\n<p>En el predio se le entregar\u00e1 una pulsera de identificaci\u00f3n, para acceder a las zonas de trabajo.<\/p>\n\n\n\n<figure class=\"wp-block-image size-full\"><img fetchpriority=\"high\" decoding=\"async\" width=\"723\" height=\"879\" src=\"https:\/\/vecinosdelinterior.com\/wp-content\/uploads\/2025\/02\/13-2-2025-10-20-21.jpg\" alt=\"\" class=\"wp-image-3839\" srcset=\"https:\/\/vecinosdelinterior.com\/wp-content\/uploads\/2025\/02\/13-2-2025-10-20-21.jpg 723w, https:\/\/vecinosdelinterior.com\/wp-content\/uploads\/2025\/02\/13-2-2025-10-20-21-247x300.jpg 247w\" sizes=\"(max-width: 723px) 100vw, 723px\" \/><\/figure>\n","protected":false},"excerpt":{"rendered":"<p>vecinosdelinterior.com \/ 13 de febrero La prensa que va a trabajar en la cobertura del evento debe acreditarse con 48 hs. de anticipaci\u00f3n al siguiente email comunicaciontilisarao@gmail.com En el email se adjuntar\u00e1 cantidad de personas respetando los l\u00edmites por medios acreditados: fot\u00f3grafo 1, redes 2, coberturas especiales 3 m\u00e1ximo. Deber\u00e1n consignar medio al que pertenece, [&hellip;]<\/p>\n","protected":false},"author":1,"featured_media":3839,"comment_status":"open","ping_status":"open","sticky":false,"template":"","format":"standard","meta":{"footnotes":""},"categories":[29,30],"tags":[],"class_list":["post-3838","post","type-post","status-publish","format-standard","has-post-thumbnail","hentry","category-chacabuco","category-tilisarao"],"_links":{"self":[{"href":"https:\/\/vecinosdelinterior.com\/index.php\/wp-json\/wp\/v2\/posts\/3838","targetHints":{"allow":["GET"]}}],"collection":[{"href":"https:\/\/vecinosdelinterior.com\/index.php\/wp-json\/wp\/v2\/posts"}],"about":[{"href":"https:\/\/vecinosdelinterior.com\/index.php\/wp-json\/wp\/v2\/types\/post"}],"author":[{"embeddable":true,"href":"https:\/\/vecinosdelinterior.com\/index.php\/wp-json\/wp\/v2\/users\/1"}],"replies":[{"embeddable":true,"href":"https:\/\/vecinosdelinterior.com\/index.php\/wp-json\/wp\/v2\/comments?post=3838"}],"version-history":[{"count":1,"href":"https:\/\/vecinosdelinterior.com\/index.php\/wp-json\/wp\/v2\/posts\/3838\/revisions"}],"predecessor-version":[{"id":3840,"href":"https:\/\/vecinosdelinterior.com\/index.php\/wp-json\/wp\/v2\/posts\/3838\/revisions\/3840"}],"wp:featuredmedia":[{"embeddable":true,"href":"https:\/\/vecinosdelinterior.com\/index.php\/wp-json\/wp\/v2\/media\/3839"}],"wp:attachment":[{"href":"https:\/\/vecinosdelinterior.com\/index.php\/wp-json\/wp\/v2\/media?parent=3838"}],"wp:term":[{"taxonomy":"category","embeddable":true,"href":"https:\/\/vecinosdelinterior.com\/index.php\/wp-json\/wp\/v2\/categories?post=3838"},{"taxonomy":"post_tag","embeddable":true,"href":"https:\/\/vecinosdelinterior.com\/index.php\/wp-json\/wp\/v2\/tags?post=3838"}],"curies":[{"name":"wp","href":"https:\/\/api.w.org\/{rel}","templated":true}]}}