{"id":3871,"date":"2025-02-17T11:00:00","date_gmt":"2025-02-17T14:00:00","guid":{"rendered":"https:\/\/vecinosdelinterior.com\/?p=3871"},"modified":"2025-02-17T11:08:46","modified_gmt":"2025-02-17T14:08:46","slug":"sobre-la-suspension-de-un-tramo-del-24o-festival-del-turismo-de-la-costa-de-comechingones","status":"publish","type":"post","link":"https:\/\/vecinosdelinterior.com\/index.php\/2025\/02\/17\/sobre-la-suspension-de-un-tramo-del-24o-festival-del-turismo-de-la-costa-de-comechingones\/","title":{"rendered":"Sobre la suspensi\u00f3n de un tramo del 24\u00ba Festival del Turismo de la Costa de Comechingones"},"content":{"rendered":"\n<p>Debido a las condiciones clim\u00e1ticas el 24\u00ba Festival del Turismo de la Costa de Comechingones debi\u00f3 ser suspendido y parte de los artistas que iban a actuar no pudieron hacer su presentaci\u00f3n.<br>En relaci\u00f3n a ello, la Municipalidad de Cortaderas San Luis public\u00f3 el siguiente comunicado:<br>\u00abCOMO ES DE P\u00daBLICO CONOCIMIENTO NO PUDIMOS CONCLUIR CON LA GRILLA DE ARTISTAS PROGRAMADA PERO QUEREMOS INFORMALES QUE ESTAMOS TRABAJANDO PARA PODER CERRAR EN OTRA OPORTUNIDAD COMO NOS HUBIERA GUSTADO. SI BIEN LOGRAMOS COMPARTIR Y PASAR UN MOMENTO \u00daNICO, CORRESPONDE SEGUIR TRABAJANDO Y COORDINAR EN DICHO SENTIDO\u00bb<\/p>\n\n\n\n<figure class=\"wp-block-image size-large\"><img fetchpriority=\"high\" decoding=\"async\" width=\"819\" height=\"1024\" src=\"https:\/\/vecinosdelinterior.com\/wp-content\/uploads\/2025\/02\/480292875_122190421304147895_9184019589853416532_n-819x1024.jpg\" alt=\"\" class=\"wp-image-3872\" srcset=\"https:\/\/vecinosdelinterior.com\/wp-content\/uploads\/2025\/02\/480292875_122190421304147895_9184019589853416532_n-819x1024.jpg 819w, https:\/\/vecinosdelinterior.com\/wp-content\/uploads\/2025\/02\/480292875_122190421304147895_9184019589853416532_n-240x300.jpg 240w, https:\/\/vecinosdelinterior.com\/wp-content\/uploads\/2025\/02\/480292875_122190421304147895_9184019589853416532_n-768x960.jpg 768w, https:\/\/vecinosdelinterior.com\/wp-content\/uploads\/2025\/02\/480292875_122190421304147895_9184019589853416532_n-750x938.jpg 750w, https:\/\/vecinosdelinterior.com\/wp-content\/uploads\/2025\/02\/480292875_122190421304147895_9184019589853416532_n.jpg 1080w\" sizes=\"(max-width: 819px) 100vw, 819px\" \/><\/figure>\n","protected":false},"excerpt":{"rendered":"<p>Debido a las condiciones clim\u00e1ticas el 24\u00ba Festival del Turismo de la Costa de Comechingones debi\u00f3 ser suspendido y parte de los artistas que iban a actuar no pudieron hacer su presentaci\u00f3n.En relaci\u00f3n a ello, la Municipalidad de Cortaderas San Luis public\u00f3 el siguiente comunicado:\u00abCOMO ES DE P\u00daBLICO CONOCIMIENTO NO PUDIMOS CONCLUIR CON LA GRILLA [&hellip;]<\/p>\n","protected":false},"author":1,"featured_media":3872,"comment_status":"open","ping_status":"open","sticky":false,"template":"","format":"standard","meta":{"footnotes":""},"categories":[29,275],"tags":[333],"class_list":["post-3871","post","type-post","status-publish","format-standard","has-post-thumbnail","hentry","category-chacabuco","category-cortaderas","tag-festivales"],"_links":{"self":[{"href":"https:\/\/vecinosdelinterior.com\/index.php\/wp-json\/wp\/v2\/posts\/3871","targetHints":{"allow":["GET"]}}],"collection":[{"href":"https:\/\/vecinosdelinterior.com\/index.php\/wp-json\/wp\/v2\/posts"}],"about":[{"href":"https:\/\/vecinosdelinterior.com\/index.php\/wp-json\/wp\/v2\/types\/post"}],"author":[{"embeddable":true,"href":"https:\/\/vecinosdelinterior.com\/index.php\/wp-json\/wp\/v2\/users\/1"}],"replies":[{"embeddable":true,"href":"https:\/\/vecinosdelinterior.com\/index.php\/wp-json\/wp\/v2\/comments?post=3871"}],"version-history":[{"count":1,"href":"https:\/\/vecinosdelinterior.com\/index.php\/wp-json\/wp\/v2\/posts\/3871\/revisions"}],"predecessor-version":[{"id":3873,"href":"https:\/\/vecinosdelinterior.com\/index.php\/wp-json\/wp\/v2\/posts\/3871\/revisions\/3873"}],"wp:featuredmedia":[{"embeddable":true,"href":"https:\/\/vecinosdelinterior.com\/index.php\/wp-json\/wp\/v2\/media\/3872"}],"wp:attachment":[{"href":"https:\/\/vecinosdelinterior.com\/index.php\/wp-json\/wp\/v2\/media?parent=3871"}],"wp:term":[{"taxonomy":"category","embeddable":true,"href":"https:\/\/vecinosdelinterior.com\/index.php\/wp-json\/wp\/v2\/categories?post=3871"},{"taxonomy":"post_tag","embeddable":true,"href":"https:\/\/vecinosdelinterior.com\/index.php\/wp-json\/wp\/v2\/tags?post=3871"}],"curies":[{"name":"wp","href":"https:\/\/api.w.org\/{rel}","templated":true}]}}