{"id":3880,"date":"2025-02-17T21:00:00","date_gmt":"2025-02-18T00:00:00","guid":{"rendered":"https:\/\/vecinosdelinterior.com\/?p=3880"},"modified":"2025-02-17T21:12:12","modified_gmt":"2025-02-18T00:12:12","slug":"la-calera-dos-personas-fueron-hospitalizadas-tras-un-choque-entre-un-auto-y-un-camion-en-la-ruta-provincial-35","status":"publish","type":"post","link":"https:\/\/vecinosdelinterior.com\/index.php\/2025\/02\/17\/la-calera-dos-personas-fueron-hospitalizadas-tras-un-choque-entre-un-auto-y-un-camion-en-la-ruta-provincial-35\/","title":{"rendered":"La Calera: dos personas fueron hospitalizadas tras un choque entre un auto y un cami\u00f3n en la ruta provincial 35"},"content":{"rendered":"\n<p><\/p>\n\n\n\n<p>Desde la Subcomisar\u00eda 5\u00b0 informaron que este lunes, alrededor de las 15:00, se produjo un accidente de tr\u00e1nsito en la ruta provincial 35, en el acceso a la localidad de La Calera.<\/p>\n\n\n\n<p>De acuerdo a las averiguaciones policiales, un auto Fiat Uno que circulaba de este a oeste por la mencionada ruta y que era conducido por un hombre de 26 a\u00f1os, quien iba en compa\u00f1\u00eda de una joven de 22 a\u00f1os de edad, por razones que se tratan de establecer impact\u00f3 con la parte trasera de un cami\u00f3n marca Hino, el cual era conducido por un hombre de 42 a\u00f1os de edad y circulaba en la misma direcci\u00f3n.<\/p>\n\n\n\n<figure class=\"wp-block-gallery has-nested-images columns-default is-cropped wp-block-gallery-1 is-layout-flex wp-block-gallery-is-layout-flex\">\n<figure class=\"wp-block-image size-large\"><img fetchpriority=\"high\" decoding=\"async\" width=\"922\" height=\"703\" data-id=\"3882\" src=\"https:\/\/vecinosdelinterior.com\/wp-content\/uploads\/2025\/02\/WhatsApp-Image-2025-02-17-at-8.58.34-PM-1.jpeg\" alt=\"\" class=\"wp-image-3882\" srcset=\"https:\/\/vecinosdelinterior.com\/wp-content\/uploads\/2025\/02\/WhatsApp-Image-2025-02-17-at-8.58.34-PM-1.jpeg 922w, https:\/\/vecinosdelinterior.com\/wp-content\/uploads\/2025\/02\/WhatsApp-Image-2025-02-17-at-8.58.34-PM-1-300x229.jpeg 300w, https:\/\/vecinosdelinterior.com\/wp-content\/uploads\/2025\/02\/WhatsApp-Image-2025-02-17-at-8.58.34-PM-1-768x586.jpeg 768w, https:\/\/vecinosdelinterior.com\/wp-content\/uploads\/2025\/02\/WhatsApp-Image-2025-02-17-at-8.58.34-PM-1-750x572.jpeg 750w\" sizes=\"(max-width: 922px) 100vw, 922px\" \/><\/figure>\n\n\n\n<figure class=\"wp-block-image size-large\"><img decoding=\"async\" width=\"1024\" height=\"697\" data-id=\"3883\" src=\"https:\/\/vecinosdelinterior.com\/wp-content\/uploads\/2025\/02\/WhatsApp-Image-2025-02-17-at-8.58.36-PM-1024x697.jpeg\" alt=\"\" class=\"wp-image-3883\" srcset=\"https:\/\/vecinosdelinterior.com\/wp-content\/uploads\/2025\/02\/WhatsApp-Image-2025-02-17-at-8.58.36-PM-1024x697.jpeg 1024w, https:\/\/vecinosdelinterior.com\/wp-content\/uploads\/2025\/02\/WhatsApp-Image-2025-02-17-at-8.58.36-PM-300x204.jpeg 300w, https:\/\/vecinosdelinterior.com\/wp-content\/uploads\/2025\/02\/WhatsApp-Image-2025-02-17-at-8.58.36-PM-768x522.jpeg 768w, https:\/\/vecinosdelinterior.com\/wp-content\/uploads\/2025\/02\/WhatsApp-Image-2025-02-17-at-8.58.36-PM-750x510.jpeg 750w, https:\/\/vecinosdelinterior.com\/wp-content\/uploads\/2025\/02\/WhatsApp-Image-2025-02-17-at-8.58.36-PM-1140x775.jpeg 1140w, https:\/\/vecinosdelinterior.com\/wp-content\/uploads\/2025\/02\/WhatsApp-Image-2025-02-17-at-8.58.36-PM.jpeg 1254w\" sizes=\"(max-width: 1024px) 100vw, 1024px\" \/><\/figure>\n\n\n\n<figure class=\"wp-block-image size-large\"><img decoding=\"async\" width=\"1024\" height=\"704\" data-id=\"3884\" src=\"https:\/\/vecinosdelinterior.com\/wp-content\/uploads\/2025\/02\/WhatsApp-Image-2025-02-17-at-8.58.35-PM-1-1-1024x704.jpeg\" alt=\"\" class=\"wp-image-3884\" srcset=\"https:\/\/vecinosdelinterior.com\/wp-content\/uploads\/2025\/02\/WhatsApp-Image-2025-02-17-at-8.58.35-PM-1-1-1024x704.jpeg 1024w, https:\/\/vecinosdelinterior.com\/wp-content\/uploads\/2025\/02\/WhatsApp-Image-2025-02-17-at-8.58.35-PM-1-1-300x206.jpeg 300w, https:\/\/vecinosdelinterior.com\/wp-content\/uploads\/2025\/02\/WhatsApp-Image-2025-02-17-at-8.58.35-PM-1-1-768x528.jpeg 768w, https:\/\/vecinosdelinterior.com\/wp-content\/uploads\/2025\/02\/WhatsApp-Image-2025-02-17-at-8.58.35-PM-1-1-750x515.jpeg 750w, https:\/\/vecinosdelinterior.com\/wp-content\/uploads\/2025\/02\/WhatsApp-Image-2025-02-17-at-8.58.35-PM-1-1.jpeg 1090w\" sizes=\"(max-width: 1024px) 100vw, 1024px\" \/><\/figure>\n\n\n\n<figure class=\"wp-block-image size-large\"><img loading=\"lazy\" decoding=\"async\" width=\"899\" height=\"801\" data-id=\"3885\" src=\"https:\/\/vecinosdelinterior.com\/wp-content\/uploads\/2025\/02\/WhatsApp-Image-2025-02-17-at-8.58.35-PM.jpeg\" alt=\"\" class=\"wp-image-3885\" srcset=\"https:\/\/vecinosdelinterior.com\/wp-content\/uploads\/2025\/02\/WhatsApp-Image-2025-02-17-at-8.58.35-PM.jpeg 899w, https:\/\/vecinosdelinterior.com\/wp-content\/uploads\/2025\/02\/WhatsApp-Image-2025-02-17-at-8.58.35-PM-300x267.jpeg 300w, https:\/\/vecinosdelinterior.com\/wp-content\/uploads\/2025\/02\/WhatsApp-Image-2025-02-17-at-8.58.35-PM-768x684.jpeg 768w, https:\/\/vecinosdelinterior.com\/wp-content\/uploads\/2025\/02\/WhatsApp-Image-2025-02-17-at-8.58.35-PM-750x668.jpeg 750w\" sizes=\"(max-width: 899px) 100vw, 899px\" \/><\/figure>\n<\/figure>\n\n\n\n<p>Tras el impacto, el chofer del cami\u00f3n detuvo su marcha (no presentando heridas) y, cuando baj\u00f3, observ\u00f3 fuego en la parte del motor del autom\u00f3vil Fiat Uno, logrando auxiliar a los ocupantes de ese veh\u00edculo, quienes seguidamente fueron atendidos por personal m\u00e9dico del Centro de Salud de La Calera que llegaron a ese sitio.<br>Posteriormente, los ocupantes del auto fueron trasladados en ambulancia hacia el Hospital Central \u201cDr. Ram\u00f3n Carrillo\u201d para recibir atenci\u00f3n m\u00e9dica m\u00e1s compleja debido a las heridas y golpes que presentaban.<\/p>\n\n\n\n<p>Cabe se\u00f1alar que personal de la Direcci\u00f3n General de Bomberos de la Polic\u00eda se hizo presente para realizar las tareas preventivas correspondientes, ya que el principio de incendio en la parte del motor del Fiat Uno se hab\u00eda originado -aparentemente- por una p\u00e9rdida de gas del autom\u00f3vil.<\/p>\n\n\n\n<p>Adem\u00e1s, personal policial le realiz\u00f3 el alcotest al conductor del cami\u00f3n, arrojando resultado negativo de 0,00 gr\/lts de alcohol en sangre.<\/p>\n","protected":false},"excerpt":{"rendered":"<p>Desde la Subcomisar\u00eda 5\u00b0 informaron que este lunes, alrededor de las 15:00, se produjo un accidente de tr\u00e1nsito en la ruta provincial 35, en el acceso a la localidad de La Calera. De acuerdo a las averiguaciones policiales, un auto Fiat Uno que circulaba de este a oeste por la mencionada ruta y que era [&hellip;]<\/p>\n","protected":false},"author":1,"featured_media":3881,"comment_status":"open","ping_status":"open","sticky":false,"template":"","format":"standard","meta":{"footnotes":""},"categories":[92,294],"tags":[],"class_list":["post-3880","post","type-post","status-publish","format-standard","has-post-thumbnail","hentry","category-belgrano","category-la-calera"],"_links":{"self":[{"href":"https:\/\/vecinosdelinterior.com\/index.php\/wp-json\/wp\/v2\/posts\/3880","targetHints":{"allow":["GET"]}}],"collection":[{"href":"https:\/\/vecinosdelinterior.com\/index.php\/wp-json\/wp\/v2\/posts"}],"about":[{"href":"https:\/\/vecinosdelinterior.com\/index.php\/wp-json\/wp\/v2\/types\/post"}],"author":[{"embeddable":true,"href":"https:\/\/vecinosdelinterior.com\/index.php\/wp-json\/wp\/v2\/users\/1"}],"replies":[{"embeddable":true,"href":"https:\/\/vecinosdelinterior.com\/index.php\/wp-json\/wp\/v2\/comments?post=3880"}],"version-history":[{"count":1,"href":"https:\/\/vecinosdelinterior.com\/index.php\/wp-json\/wp\/v2\/posts\/3880\/revisions"}],"predecessor-version":[{"id":3886,"href":"https:\/\/vecinosdelinterior.com\/index.php\/wp-json\/wp\/v2\/posts\/3880\/revisions\/3886"}],"wp:featuredmedia":[{"embeddable":true,"href":"https:\/\/vecinosdelinterior.com\/index.php\/wp-json\/wp\/v2\/media\/3881"}],"wp:attachment":[{"href":"https:\/\/vecinosdelinterior.com\/index.php\/wp-json\/wp\/v2\/media?parent=3880"}],"wp:term":[{"taxonomy":"category","embeddable":true,"href":"https:\/\/vecinosdelinterior.com\/index.php\/wp-json\/wp\/v2\/categories?post=3880"},{"taxonomy":"post_tag","embeddable":true,"href":"https:\/\/vecinosdelinterior.com\/index.php\/wp-json\/wp\/v2\/tags?post=3880"}],"curies":[{"name":"wp","href":"https:\/\/api.w.org\/{rel}","templated":true}]}}