{"id":3902,"date":"2025-02-19T10:26:00","date_gmt":"2025-02-19T13:26:00","guid":{"rendered":"https:\/\/vecinosdelinterior.com\/?p=3902"},"modified":"2025-02-19T20:28:46","modified_gmt":"2025-02-19T23:28:46","slug":"villa-del-carmen-se-prepara-para-los-festejos-por-su-nuevo-aniversario","status":"publish","type":"post","link":"https:\/\/vecinosdelinterior.com\/index.php\/2025\/02\/19\/villa-del-carmen-se-prepara-para-los-festejos-por-su-nuevo-aniversario\/","title":{"rendered":"Villa del Carmen se prepara para los festejos por su nuevo aniversario"},"content":{"rendered":"\n<p>Este viernes, se llevar\u00e1n adelante distintos actos institucionales y espect\u00e1culos art\u00edsticos, con el fin de conmemorar los 152 a\u00f1os que la localidad cumplir\u00e1 el domingo 23 de febrero.<\/p>\n\n\n\n<p>La localidad del departamento Chacabuco auspiciar\u00e1 una importante celebraci\u00f3n junto a habitantes y turistas que visiten la regi\u00f3n. Si bien cumplir\u00e1 su 152\u00b0 aniversario el domingo 23, las actividades centrales ser\u00e1n este viernes 21. Ese d\u00eda, se realizar\u00e1 la Santa Misa a las 18:00. Posteriormente, llevar\u00e1n adelante el Desfile C\u00edvico-Militar a las 19:00.<\/p>\n\n\n\n<figure class=\"wp-block-gallery has-nested-images columns-default is-cropped wp-block-gallery-1 is-layout-flex wp-block-gallery-is-layout-flex\">\n<figure class=\"wp-block-image size-large\"><img fetchpriority=\"high\" decoding=\"async\" width=\"1024\" height=\"683\" data-id=\"3903\" src=\"https:\/\/vecinosdelinterior.com\/wp-content\/uploads\/2025\/02\/ANIVERSARIO-VILLA-DEL-CARMEN-1-1024x683.jpeg\" alt=\"\" class=\"wp-image-3903\" srcset=\"https:\/\/vecinosdelinterior.com\/wp-content\/uploads\/2025\/02\/ANIVERSARIO-VILLA-DEL-CARMEN-1-1024x683.jpeg 1024w, https:\/\/vecinosdelinterior.com\/wp-content\/uploads\/2025\/02\/ANIVERSARIO-VILLA-DEL-CARMEN-1-300x200.jpeg 300w, https:\/\/vecinosdelinterior.com\/wp-content\/uploads\/2025\/02\/ANIVERSARIO-VILLA-DEL-CARMEN-1-768x512.jpeg 768w, https:\/\/vecinosdelinterior.com\/wp-content\/uploads\/2025\/02\/ANIVERSARIO-VILLA-DEL-CARMEN-1-1536x1024.jpeg 1536w, https:\/\/vecinosdelinterior.com\/wp-content\/uploads\/2025\/02\/ANIVERSARIO-VILLA-DEL-CARMEN-1-750x500.jpeg 750w, https:\/\/vecinosdelinterior.com\/wp-content\/uploads\/2025\/02\/ANIVERSARIO-VILLA-DEL-CARMEN-1-1140x760.jpeg 1140w, https:\/\/vecinosdelinterior.com\/wp-content\/uploads\/2025\/02\/ANIVERSARIO-VILLA-DEL-CARMEN-1.jpeg 1600w\" sizes=\"(max-width: 1024px) 100vw, 1024px\" \/><\/figure>\n\n\n\n<figure class=\"wp-block-image size-large\"><img decoding=\"async\" width=\"1024\" height=\"683\" data-id=\"3904\" src=\"https:\/\/vecinosdelinterior.com\/wp-content\/uploads\/2025\/02\/ANIVERSARIO-VILLA-DEL-CARMEN-4-1024x683.jpeg\" alt=\"\" class=\"wp-image-3904\" srcset=\"https:\/\/vecinosdelinterior.com\/wp-content\/uploads\/2025\/02\/ANIVERSARIO-VILLA-DEL-CARMEN-4-1024x683.jpeg 1024w, https:\/\/vecinosdelinterior.com\/wp-content\/uploads\/2025\/02\/ANIVERSARIO-VILLA-DEL-CARMEN-4-300x200.jpeg 300w, https:\/\/vecinosdelinterior.com\/wp-content\/uploads\/2025\/02\/ANIVERSARIO-VILLA-DEL-CARMEN-4-768x512.jpeg 768w, https:\/\/vecinosdelinterior.com\/wp-content\/uploads\/2025\/02\/ANIVERSARIO-VILLA-DEL-CARMEN-4-1536x1024.jpeg 1536w, https:\/\/vecinosdelinterior.com\/wp-content\/uploads\/2025\/02\/ANIVERSARIO-VILLA-DEL-CARMEN-4-750x500.jpeg 750w, https:\/\/vecinosdelinterior.com\/wp-content\/uploads\/2025\/02\/ANIVERSARIO-VILLA-DEL-CARMEN-4-1140x760.jpeg 1140w, https:\/\/vecinosdelinterior.com\/wp-content\/uploads\/2025\/02\/ANIVERSARIO-VILLA-DEL-CARMEN-4.jpeg 1600w\" sizes=\"(max-width: 1024px) 100vw, 1024px\" \/><\/figure>\n<\/figure>\n\n\n\n<p>El evento presentar\u00e1 espect\u00e1culos art\u00edsticos en el sal\u00f3n Cultural y Recreativo a partir de las 20:00. La grilla estar\u00e1 compuesta por el Taller de Adultos de Ritmos Recreativos, Copleros de la Costa, Ballet Corazones J\u00f3venes, D\u00fao Sachero, Compa\u00f1\u00eda Folcl\u00f3rica Internacional Danzantes, Ballet Brisas Puntanas, Franco Pinto, Ballet Sendero de Luz y Estampa Naschelense, Herencia Chamamecera, Andr\u00e9s Clerc, Vamo\u2019 a bailar y Fabricio Romero. El gran cierre bailable quedar\u00e1 a cargo del cantante popular de cuarteto Tyago Griffo.<\/p>\n\n\n\n<p>Las entradas anticipadas tienen un valor de $3.000 por persona. Para consultar los puntos de compra, pueden comunicarse a trav\u00e9s de las redes sociales de la Municipalidad de Villa del Carmen. Tambi\u00e9n estar\u00e1n disponibles en taquilla, a un valor de $5.000. Con el n\u00famero de la entrada, los asistentes podr\u00e1n participar en el sorteo de una heladera.<\/p>\n","protected":false},"excerpt":{"rendered":"<p>Este viernes, se llevar\u00e1n adelante distintos actos institucionales y espect\u00e1culos art\u00edsticos, con el fin de conmemorar los 152 a\u00f1os que la localidad cumplir\u00e1 el domingo 23 de febrero. La localidad del departamento Chacabuco auspiciar\u00e1 una importante celebraci\u00f3n junto a habitantes y turistas que visiten la regi\u00f3n. Si bien cumplir\u00e1 su 152\u00b0 aniversario el domingo 23, [&hellip;]<\/p>\n","protected":false},"author":1,"featured_media":3903,"comment_status":"open","ping_status":"open","sticky":false,"template":"","format":"standard","meta":{"footnotes":""},"categories":[31],"tags":[333],"class_list":["post-3902","post","type-post","status-publish","format-standard","has-post-thumbnail","hentry","category-villa-del-carmen","tag-festivales"],"_links":{"self":[{"href":"https:\/\/vecinosdelinterior.com\/index.php\/wp-json\/wp\/v2\/posts\/3902","targetHints":{"allow":["GET"]}}],"collection":[{"href":"https:\/\/vecinosdelinterior.com\/index.php\/wp-json\/wp\/v2\/posts"}],"about":[{"href":"https:\/\/vecinosdelinterior.com\/index.php\/wp-json\/wp\/v2\/types\/post"}],"author":[{"embeddable":true,"href":"https:\/\/vecinosdelinterior.com\/index.php\/wp-json\/wp\/v2\/users\/1"}],"replies":[{"embeddable":true,"href":"https:\/\/vecinosdelinterior.com\/index.php\/wp-json\/wp\/v2\/comments?post=3902"}],"version-history":[{"count":1,"href":"https:\/\/vecinosdelinterior.com\/index.php\/wp-json\/wp\/v2\/posts\/3902\/revisions"}],"predecessor-version":[{"id":3905,"href":"https:\/\/vecinosdelinterior.com\/index.php\/wp-json\/wp\/v2\/posts\/3902\/revisions\/3905"}],"wp:featuredmedia":[{"embeddable":true,"href":"https:\/\/vecinosdelinterior.com\/index.php\/wp-json\/wp\/v2\/media\/3903"}],"wp:attachment":[{"href":"https:\/\/vecinosdelinterior.com\/index.php\/wp-json\/wp\/v2\/media?parent=3902"}],"wp:term":[{"taxonomy":"category","embeddable":true,"href":"https:\/\/vecinosdelinterior.com\/index.php\/wp-json\/wp\/v2\/categories?post=3902"},{"taxonomy":"post_tag","embeddable":true,"href":"https:\/\/vecinosdelinterior.com\/index.php\/wp-json\/wp\/v2\/tags?post=3902"}],"curies":[{"name":"wp","href":"https:\/\/api.w.org\/{rel}","templated":true}]}}