{"id":3906,"date":"2025-02-19T20:30:00","date_gmt":"2025-02-19T23:30:00","guid":{"rendered":"https:\/\/vecinosdelinterior.com\/?p=3906"},"modified":"2025-02-19T20:33:14","modified_gmt":"2025-02-19T23:33:14","slug":"tilisarao-reunio-a-lideres-pastorales-para-compartir-experiencias-y-trabajar-en-proyectos-conjuntos","status":"publish","type":"post","link":"https:\/\/vecinosdelinterior.com\/index.php\/2025\/02\/19\/tilisarao-reunio-a-lideres-pastorales-para-compartir-experiencias-y-trabajar-en-proyectos-conjuntos\/","title":{"rendered":"Tilisarao reuni\u00f3 a l\u00edderes pastorales para compartir experiencias y trabajar en proyectos conjuntos"},"content":{"rendered":"\n<p><\/p>\n\n\n\n<p>El Consejo Pastoral del Valle del Conlara se reuni\u00f3 en Tilisarao con el objetivo de fortalecer lazos entre los l\u00edderes religiosos de la regi\u00f3n y trabajar en proyectos pastorales para las comunidades de la zona.<\/p>\n\n\n\n<p>Walter Berlo, director de Cultos de San Luis, durante el encuentro en Tilisarao.<br>El pastor Jorge Etchazarreta y su esposa recibieron a un grupo de pastores y l\u00edderes de diversas localidades, incluyendo Bajo de V\u00e9liz, Paraje Los Romeros, Concar\u00e1n, Naschel, La Toma, Papagayos, Villa Larca, Cortaderas, Carpinter\u00eda y Merlo.<\/p>\n\n\n\n<p>La reuni\u00f3n cont\u00f3 con la presencia del pastor Omar Francia de Villa Dolores y el director de Cultos de San Luis, Walter Berlo, quien comparti\u00f3 informaci\u00f3n relevante sobre novedades que facilitar\u00e1n los tr\u00e1mites y acciones de las Iglesias Evang\u00e9licas en la provincia.<\/p>\n\n\n\n<p>El encuentro fue una oportunidad para compartir experiencias en proyectos pastorales para el Valle del Conlara. La presencia de autoridades provinciales y referentes de otras localidades realz\u00f3 la importancia del trabajo que se realiza desde el Consejo Pastoral en pos del desarrollo espiritual y social de la comunidad. El pr\u00f3ximo encuentro tendr\u00e1 lugar en Bajo de V\u00e9liz el 17 de marzo a las 20:00.<\/p>\n\n\n\n<p>La Direcci\u00f3n de Cultos ofrece asesoramiento y acompa\u00f1amiento en el tr\u00e1mite de inscripci\u00f3n en el Registro Nacional de Cultos, y se cuenta con el Registro Provincial, que tiene como requisito estar incluido en el de Naci\u00f3n. Esto apunta a una mejor articulaci\u00f3n entre ambos organismos.<\/p>\n\n\n\n<p>Tambi\u00e9n se lleva a cabo un censo de iglesias en todo el territorio provincial para recabar datos de cada culto, lo que permite tener una visi\u00f3n completa de la diversidad religiosa. Entre las acciones, se facilita adem\u00e1s los canales de comunicaci\u00f3n entre la comunidad religiosa y los distintos ministerios, asegurando que las necesidades de cada comunidad sean atendidas y derivadas de manera efectiva.<\/p>\n","protected":false},"excerpt":{"rendered":"<p>El Consejo Pastoral del Valle del Conlara se reuni\u00f3 en Tilisarao con el objetivo de fortalecer lazos entre los l\u00edderes religiosos de la regi\u00f3n y trabajar en proyectos pastorales para las comunidades de la zona. Walter Berlo, director de Cultos de San Luis, durante el encuentro en Tilisarao.El pastor Jorge Etchazarreta y su esposa recibieron [&hellip;]<\/p>\n","protected":false},"author":1,"featured_media":3907,"comment_status":"open","ping_status":"open","sticky":false,"template":"","format":"standard","meta":{"footnotes":""},"categories":[30],"tags":[],"class_list":["post-3906","post","type-post","status-publish","format-standard","has-post-thumbnail","hentry","category-tilisarao"],"_links":{"self":[{"href":"https:\/\/vecinosdelinterior.com\/index.php\/wp-json\/wp\/v2\/posts\/3906","targetHints":{"allow":["GET"]}}],"collection":[{"href":"https:\/\/vecinosdelinterior.com\/index.php\/wp-json\/wp\/v2\/posts"}],"about":[{"href":"https:\/\/vecinosdelinterior.com\/index.php\/wp-json\/wp\/v2\/types\/post"}],"author":[{"embeddable":true,"href":"https:\/\/vecinosdelinterior.com\/index.php\/wp-json\/wp\/v2\/users\/1"}],"replies":[{"embeddable":true,"href":"https:\/\/vecinosdelinterior.com\/index.php\/wp-json\/wp\/v2\/comments?post=3906"}],"version-history":[{"count":1,"href":"https:\/\/vecinosdelinterior.com\/index.php\/wp-json\/wp\/v2\/posts\/3906\/revisions"}],"predecessor-version":[{"id":3908,"href":"https:\/\/vecinosdelinterior.com\/index.php\/wp-json\/wp\/v2\/posts\/3906\/revisions\/3908"}],"wp:featuredmedia":[{"embeddable":true,"href":"https:\/\/vecinosdelinterior.com\/index.php\/wp-json\/wp\/v2\/media\/3907"}],"wp:attachment":[{"href":"https:\/\/vecinosdelinterior.com\/index.php\/wp-json\/wp\/v2\/media?parent=3906"}],"wp:term":[{"taxonomy":"category","embeddable":true,"href":"https:\/\/vecinosdelinterior.com\/index.php\/wp-json\/wp\/v2\/categories?post=3906"},{"taxonomy":"post_tag","embeddable":true,"href":"https:\/\/vecinosdelinterior.com\/index.php\/wp-json\/wp\/v2\/tags?post=3906"}],"curies":[{"name":"wp","href":"https:\/\/api.w.org\/{rel}","templated":true}]}}