{"id":3932,"date":"2025-02-24T09:17:00","date_gmt":"2025-02-24T12:17:00","guid":{"rendered":"https:\/\/vecinosdelinterior.com\/?p=3932"},"modified":"2025-02-24T21:19:55","modified_gmt":"2025-02-25T00:19:55","slug":"brutal-ataque-a-un-joven-en-saladillo","status":"publish","type":"post","link":"https:\/\/vecinosdelinterior.com\/index.php\/2025\/02\/24\/brutal-ataque-a-un-joven-en-saladillo\/","title":{"rendered":"Brutal ataque a un joven en Saladillo"},"content":{"rendered":"\n<p><\/p>\n\n\n\n<p>Un violento episodio sacudi\u00f3 a la comunidad de Saladillo el s\u00e1bado. Julio Ceferino Bord\u00f3n, de fue brutalmente atacado cuando se dirig\u00eda en moto junto a su hijo a una carrera de caballos. En un tramo del camino, cerca de Balde de la Isla, dos hombres a bordo de una camioneta Ford Ranger gris lo interceptaron y lo agredieron salvajemente con un l\u00e1tigo y un rebenque, dej\u00e1ndolo inconsciente y en grave estado.<\/p>\n\n\n\n<p>Fuentes cercanas a la v\u00edctima informaron que Bord\u00f3n sufri\u00f3 fractura de cr\u00e1neo, golpes severos en el rostro y hematomas en la espalda producto de la agresi\u00f3n. Se encuentra hospitalizado y su pron\u00f3stico es reservado.<\/p>\n\n\n\n<p>El abogado de la v\u00edctima, Jorge Sosa, dijo que a pesar de la gravedad del hecho, la fiscal\u00eda de abordaje, a cargo de la fiscal Mar\u00eda Quiroga Nasivero, no ha brindado respuestas ni ha tomado medidas urgentes para la detenci\u00f3n de los responsables, quienes contin\u00faan en libertad. Seg\u00fan informaci\u00f3n obtenida, uno de los atacantes tendr\u00eda antecedentes penales por un homicidio cometido con un arma de fuego, por el cual recibi\u00f3 una condena de 14 a\u00f1os, pero obtuvo la libertad condicional a los 8 a\u00f1os.<\/p>\n\n\n\n<p>\u00abEs un desastre, la fiscal\u00eda no atiende, la polic\u00eda no da informaci\u00f3n y los agresores siguen libres. Mientras tanto, Bord\u00f3n est\u00e1 luchando por su vida\u00bb, expres\u00f3 Sosa. Y luego agreg\u00f3: \u00abEs inadmisible la falta de acci\u00f3n de la fiscal\u00eda. Estamos ante un caso grave y no hay respuestas. Exigimos que se act\u00fae con celeridad para garantizar justicia\u00bb, declar\u00f3.<\/p>\n\n\n\n<p>Se espera que en las pr\u00f3ximas horas la fiscal\u00eda brinde informaci\u00f3n sobre las medidas a tomar y que se haga justicia ante este hecho aberrante que mantiene en vilo a la comunidad. EDDLR<\/p>\n","protected":false},"excerpt":{"rendered":"<p>Un violento episodio sacudi\u00f3 a la comunidad de Saladillo el s\u00e1bado. Julio Ceferino Bord\u00f3n, de fue brutalmente atacado cuando se dirig\u00eda en moto junto a su hijo a una carrera de caballos. En un tramo del camino, cerca de Balde de la Isla, dos hombres a bordo de una camioneta Ford Ranger gris lo interceptaron [&hellip;]<\/p>\n","protected":false},"author":1,"featured_media":3933,"comment_status":"open","ping_status":"open","sticky":false,"template":"","format":"standard","meta":{"footnotes":""},"categories":[1],"tags":[],"class_list":["post-3932","post","type-post","status-publish","format-standard","has-post-thumbnail","hentry","category-blog"],"_links":{"self":[{"href":"https:\/\/vecinosdelinterior.com\/index.php\/wp-json\/wp\/v2\/posts\/3932","targetHints":{"allow":["GET"]}}],"collection":[{"href":"https:\/\/vecinosdelinterior.com\/index.php\/wp-json\/wp\/v2\/posts"}],"about":[{"href":"https:\/\/vecinosdelinterior.com\/index.php\/wp-json\/wp\/v2\/types\/post"}],"author":[{"embeddable":true,"href":"https:\/\/vecinosdelinterior.com\/index.php\/wp-json\/wp\/v2\/users\/1"}],"replies":[{"embeddable":true,"href":"https:\/\/vecinosdelinterior.com\/index.php\/wp-json\/wp\/v2\/comments?post=3932"}],"version-history":[{"count":1,"href":"https:\/\/vecinosdelinterior.com\/index.php\/wp-json\/wp\/v2\/posts\/3932\/revisions"}],"predecessor-version":[{"id":3934,"href":"https:\/\/vecinosdelinterior.com\/index.php\/wp-json\/wp\/v2\/posts\/3932\/revisions\/3934"}],"wp:featuredmedia":[{"embeddable":true,"href":"https:\/\/vecinosdelinterior.com\/index.php\/wp-json\/wp\/v2\/media\/3933"}],"wp:attachment":[{"href":"https:\/\/vecinosdelinterior.com\/index.php\/wp-json\/wp\/v2\/media?parent=3932"}],"wp:term":[{"taxonomy":"category","embeddable":true,"href":"https:\/\/vecinosdelinterior.com\/index.php\/wp-json\/wp\/v2\/categories?post=3932"},{"taxonomy":"post_tag","embeddable":true,"href":"https:\/\/vecinosdelinterior.com\/index.php\/wp-json\/wp\/v2\/tags?post=3932"}],"curies":[{"name":"wp","href":"https:\/\/api.w.org\/{rel}","templated":true}]}}