{"id":3935,"date":"2025-02-24T11:19:00","date_gmt":"2025-02-24T14:19:00","guid":{"rendered":"https:\/\/vecinosdelinterior.com\/?p=3935"},"modified":"2025-02-24T21:21:36","modified_gmt":"2025-02-25T00:21:36","slug":"gran-cierre-de-la-colonia-municipal-de-verano-en-tilisarao","status":"publish","type":"post","link":"https:\/\/vecinosdelinterior.com\/index.php\/2025\/02\/24\/gran-cierre-de-la-colonia-municipal-de-verano-en-tilisarao\/","title":{"rendered":"Gran cierre de la Colonia Municipal de Verano en Tilisarao"},"content":{"rendered":"\n<p>La emoci\u00f3n, cierta nostalgia, pero con mucha alegr\u00eda de haberse llevado a cabo una colonia de vacaciones espectacular para los ni\u00f1os y ni\u00f1as de Tilisarao.<br>El cierre de la temporada 2024\/25 de la colonia de verano fue inolvidable. Durante estas semanas, muchos ni\u00f1os y ni\u00f1as participaron y disfrutaron de actividades recreativas, deportivas y educativas en un ambiente de inclusi\u00f3n y diversi\u00f3n.<\/p>\n\n\n\n<p><br>\u00abVer sus sonrisas y energ\u00eda nos motiva a seguir trabajando para que cada a\u00f1o esta experiencia sea a\u00fan mejor. \u00a1Gracias a todos los profes, familias y a cada peque\u00f1o que hizo de esta colonia un verdadero \u00e9xito\u00bb publicaron a trav\u00e9s de la red social del municipio.<br>Tilisarao, mi pueblo (Municipalidad de Tilisarao)<\/p>\n\n\n\n<figure class=\"wp-block-gallery has-nested-images columns-default is-cropped wp-block-gallery-1 is-layout-flex wp-block-gallery-is-layout-flex\">\n<figure class=\"wp-block-image size-large\"><img fetchpriority=\"high\" decoding=\"async\" width=\"505\" height=\"671\" data-id=\"3936\" src=\"https:\/\/vecinosdelinterior.com\/wp-content\/uploads\/2025\/02\/24-2-2025-17-00-21.jpg\" alt=\"\" class=\"wp-image-3936\" srcset=\"https:\/\/vecinosdelinterior.com\/wp-content\/uploads\/2025\/02\/24-2-2025-17-00-21.jpg 505w, https:\/\/vecinosdelinterior.com\/wp-content\/uploads\/2025\/02\/24-2-2025-17-00-21-226x300.jpg 226w\" sizes=\"(max-width: 505px) 100vw, 505px\" \/><\/figure>\n\n\n\n<figure class=\"wp-block-image size-large\"><img decoding=\"async\" width=\"515\" height=\"766\" data-id=\"3937\" src=\"https:\/\/vecinosdelinterior.com\/wp-content\/uploads\/2025\/02\/24-2-2025-16-59-54.jpg\" alt=\"\" class=\"wp-image-3937\" srcset=\"https:\/\/vecinosdelinterior.com\/wp-content\/uploads\/2025\/02\/24-2-2025-16-59-54.jpg 515w, https:\/\/vecinosdelinterior.com\/wp-content\/uploads\/2025\/02\/24-2-2025-16-59-54-202x300.jpg 202w\" sizes=\"(max-width: 515px) 100vw, 515px\" \/><\/figure>\n\n\n\n<figure class=\"wp-block-image size-large\"><img decoding=\"async\" width=\"498\" height=\"734\" data-id=\"3938\" src=\"https:\/\/vecinosdelinterior.com\/wp-content\/uploads\/2025\/02\/24-2-2025-17-00-50.jpg\" alt=\"\" class=\"wp-image-3938\" srcset=\"https:\/\/vecinosdelinterior.com\/wp-content\/uploads\/2025\/02\/24-2-2025-17-00-50.jpg 498w, https:\/\/vecinosdelinterior.com\/wp-content\/uploads\/2025\/02\/24-2-2025-17-00-50-204x300.jpg 204w\" sizes=\"(max-width: 498px) 100vw, 498px\" \/><\/figure>\n\n\n\n<figure class=\"wp-block-image size-large\"><img loading=\"lazy\" decoding=\"async\" width=\"515\" height=\"630\" data-id=\"3940\" src=\"https:\/\/vecinosdelinterior.com\/wp-content\/uploads\/2025\/02\/24-2-2025-17-01-15.jpg\" alt=\"\" class=\"wp-image-3940\" srcset=\"https:\/\/vecinosdelinterior.com\/wp-content\/uploads\/2025\/02\/24-2-2025-17-01-15.jpg 515w, https:\/\/vecinosdelinterior.com\/wp-content\/uploads\/2025\/02\/24-2-2025-17-01-15-245x300.jpg 245w\" sizes=\"(max-width: 515px) 100vw, 515px\" \/><\/figure>\n\n\n\n<figure class=\"wp-block-image size-large\"><img loading=\"lazy\" decoding=\"async\" width=\"508\" height=\"635\" data-id=\"3941\" src=\"https:\/\/vecinosdelinterior.com\/wp-content\/uploads\/2025\/02\/24-2-2025-17-01-28.jpg\" alt=\"\" class=\"wp-image-3941\" srcset=\"https:\/\/vecinosdelinterior.com\/wp-content\/uploads\/2025\/02\/24-2-2025-17-01-28.jpg 508w, https:\/\/vecinosdelinterior.com\/wp-content\/uploads\/2025\/02\/24-2-2025-17-01-28-240x300.jpg 240w\" sizes=\"(max-width: 508px) 100vw, 508px\" \/><\/figure>\n\n\n\n<figure class=\"wp-block-image size-large\"><img loading=\"lazy\" decoding=\"async\" width=\"509\" height=\"621\" data-id=\"3939\" src=\"https:\/\/vecinosdelinterior.com\/wp-content\/uploads\/2025\/02\/24-2-2025-17-01-50.jpg\" alt=\"\" class=\"wp-image-3939\" srcset=\"https:\/\/vecinosdelinterior.com\/wp-content\/uploads\/2025\/02\/24-2-2025-17-01-50.jpg 509w, https:\/\/vecinosdelinterior.com\/wp-content\/uploads\/2025\/02\/24-2-2025-17-01-50-246x300.jpg 246w\" sizes=\"(max-width: 509px) 100vw, 509px\" \/><\/figure>\n<\/figure>\n","protected":false},"excerpt":{"rendered":"<p>La emoci\u00f3n, cierta nostalgia, pero con mucha alegr\u00eda de haberse llevado a cabo una colonia de vacaciones espectacular para los ni\u00f1os y ni\u00f1as de Tilisarao.El cierre de la temporada 2024\/25 de la colonia de verano fue inolvidable. Durante estas semanas, muchos ni\u00f1os y ni\u00f1as participaron y disfrutaron de actividades recreativas, deportivas y educativas en un [&hellip;]<\/p>\n","protected":false},"author":1,"featured_media":3937,"comment_status":"open","ping_status":"open","sticky":false,"template":"","format":"standard","meta":{"footnotes":""},"categories":[30],"tags":[],"class_list":["post-3935","post","type-post","status-publish","format-standard","has-post-thumbnail","hentry","category-tilisarao"],"_links":{"self":[{"href":"https:\/\/vecinosdelinterior.com\/index.php\/wp-json\/wp\/v2\/posts\/3935","targetHints":{"allow":["GET"]}}],"collection":[{"href":"https:\/\/vecinosdelinterior.com\/index.php\/wp-json\/wp\/v2\/posts"}],"about":[{"href":"https:\/\/vecinosdelinterior.com\/index.php\/wp-json\/wp\/v2\/types\/post"}],"author":[{"embeddable":true,"href":"https:\/\/vecinosdelinterior.com\/index.php\/wp-json\/wp\/v2\/users\/1"}],"replies":[{"embeddable":true,"href":"https:\/\/vecinosdelinterior.com\/index.php\/wp-json\/wp\/v2\/comments?post=3935"}],"version-history":[{"count":1,"href":"https:\/\/vecinosdelinterior.com\/index.php\/wp-json\/wp\/v2\/posts\/3935\/revisions"}],"predecessor-version":[{"id":3942,"href":"https:\/\/vecinosdelinterior.com\/index.php\/wp-json\/wp\/v2\/posts\/3935\/revisions\/3942"}],"wp:featuredmedia":[{"embeddable":true,"href":"https:\/\/vecinosdelinterior.com\/index.php\/wp-json\/wp\/v2\/media\/3937"}],"wp:attachment":[{"href":"https:\/\/vecinosdelinterior.com\/index.php\/wp-json\/wp\/v2\/media?parent=3935"}],"wp:term":[{"taxonomy":"category","embeddable":true,"href":"https:\/\/vecinosdelinterior.com\/index.php\/wp-json\/wp\/v2\/categories?post=3935"},{"taxonomy":"post_tag","embeddable":true,"href":"https:\/\/vecinosdelinterior.com\/index.php\/wp-json\/wp\/v2\/tags?post=3935"}],"curies":[{"name":"wp","href":"https:\/\/api.w.org\/{rel}","templated":true}]}}