{"id":3948,"date":"2025-02-25T21:50:00","date_gmt":"2025-02-26T00:50:00","guid":{"rendered":"https:\/\/vecinosdelinterior.com\/?p=3948"},"modified":"2025-02-25T22:57:34","modified_gmt":"2025-02-26T01:57:34","slug":"alberto-rodriguez-saa-activa-el-pj-puntano-y-estuvo-en-concaran","status":"publish","type":"post","link":"https:\/\/vecinosdelinterior.com\/index.php\/2025\/02\/25\/alberto-rodriguez-saa-activa-el-pj-puntano-y-estuvo-en-concaran\/","title":{"rendered":"Alberto Rodr\u00edguez Sa\u00e1 activa el PJ puntano y estuvo en Concar\u00e1n"},"content":{"rendered":"\n<p>El presidente del PJ puntano mantuvo un encuentro en Concar\u00e1n, en el que se refiri\u00f3 a la actualidad y analiz\u00f3 el escenario pol\u00edtico.<\/p>\n\n\n\n<p><br>El titular del PJ puntano, Alberto Rodr\u00edguez Sa\u00e1, se refiri\u00f3 a todos los temas que afectan a los sanluise\u00f1os y a los argentinos y que indefectiblemente est\u00e1n relacionados con el panorama pol\u00edtico<\/p>\n\n\n\n<p>\u00abCuando las cosas no est\u00e1n bien es una obligaci\u00f3n participar. Ser peronista es un derecho\u00bb, destac\u00f3.  \u00abHay que luchar mientras las cosas no se hagan bien\u00bb agreg\u00f3.<br>Rodr\u00edguez Sa\u00e1 fue contundente a la hora de referirse a los valores que debe encuadrar cualquier persona que, con vocaci\u00f3n y esperanza, busque trabajar por el bien com\u00fan: para ser candidato del PJ hay que tener convicciones y militancia. Por el contrario, dijo que el que no tenga estas premisas \u00abva a estar con otros\u00bb, en alusi\u00f3n a los pol\u00edticos que se han ido del partido.<\/p>\n\n\n\n<figure class=\"wp-block-image size-full\"><img fetchpriority=\"high\" decoding=\"async\" width=\"770\" height=\"440\" src=\"https:\/\/vecinosdelinterior.com\/wp-content\/uploads\/2025\/02\/481076906_498017556682269_5164985402180604704_n.jpg\" alt=\"\" class=\"wp-image-3949\" srcset=\"https:\/\/vecinosdelinterior.com\/wp-content\/uploads\/2025\/02\/481076906_498017556682269_5164985402180604704_n.jpg 770w, https:\/\/vecinosdelinterior.com\/wp-content\/uploads\/2025\/02\/481076906_498017556682269_5164985402180604704_n-300x171.jpg 300w, https:\/\/vecinosdelinterior.com\/wp-content\/uploads\/2025\/02\/481076906_498017556682269_5164985402180604704_n-768x439.jpg 768w, https:\/\/vecinosdelinterior.com\/wp-content\/uploads\/2025\/02\/481076906_498017556682269_5164985402180604704_n-750x429.jpg 750w\" sizes=\"(max-width: 770px) 100vw, 770px\" \/><\/figure>\n\n\n\n<p><br>Al ser consultado sobre las razones y motivaciones que llevan a la necesidad de ser gobierno, recalc\u00f3: \u00abSomos el Peronismo de San Luis, de las autopistas, del progreso. Sabemos c\u00f3mo llegar para que la gente no pida en las calles, para tener mejores escuelas, la mejor salud. Para eso queremos llegar con convicciones\u00bb.<\/p>\n\n\n\n<p><br>Durante el encuentro, el presidente del PJ estuvo acompa\u00f1ado por Jorge \u00abGato\u00bb Fern\u00e1ndez, por la intendenta de Renca, Romina Peralta; el diputado por el Departamento Chacabuco, Marcos Gatica; la dirigente, Beatriz Ochoa; el senador Hugo \u00abPepe\u00bb Olgu\u00edn; la dirigente y vicepresidenta primera del PJ, Eugenia Catalfamo y el dirigente y vicepresidente segundo del PJ, Marcelo Amitrano, entre otros referentes.<\/p>\n\n\n\n<figure class=\"wp-block-image size-full\"><img decoding=\"async\" width=\"297\" height=\"327\" src=\"https:\/\/vecinosdelinterior.com\/wp-content\/uploads\/2025\/02\/25-2-2025-22-43-17.jpg\" alt=\"\" class=\"wp-image-3950\" srcset=\"https:\/\/vecinosdelinterior.com\/wp-content\/uploads\/2025\/02\/25-2-2025-22-43-17.jpg 297w, https:\/\/vecinosdelinterior.com\/wp-content\/uploads\/2025\/02\/25-2-2025-22-43-17-272x300.jpg 272w\" sizes=\"(max-width: 297px) 100vw, 297px\" \/><\/figure>\n\n\n\n<p><br>En otro tramo de su intervenci\u00f3n, habl\u00f3 de la traici\u00f3n del intendente de Juana Koslay, Jorge \u00abToti\u00bb Videla y fue muy cr\u00edtico por la \u00abfalta de calidad moral\u00bb. Se refiri\u00f3 a las traiciones como \u00abuna pu\u00f1alada\u00bb. Tambi\u00e9n dio conceptos sobre el Plan TuBi, que est\u00e1 bajo la lupa por diferentes cuestionamientos.<br>\u00abNunca supimos cu\u00e1l es el cambio que iba a hacer, nunca mostr\u00f3 una se\u00f1al de por d\u00f3nde iba a ir. No encontramos nada, solamente retroceso. \u00bfCu\u00e1l es el cambio? \u00bfBajar los salarios de los trabajadores, de los docentes, del Plan de Inclusi\u00f3n?\u00bb, manifest\u00f3 frente a la actual gesti\u00f3n provincial.<\/p>\n\n\n\n<p><br>Tambi\u00e9n habl\u00f3 del \u00absue\u00f1o del San Luis del progreso\u00bb y remarc\u00f3 que la provincia no tiene que perder ese rumbo.<\/p>\n\n\n\n<p>Con info de EDDLR<\/p>\n","protected":false},"excerpt":{"rendered":"<p>El presidente del PJ puntano mantuvo un encuentro en Concar\u00e1n, en el que se refiri\u00f3 a la actualidad y analiz\u00f3 el escenario pol\u00edtico. El titular del PJ puntano, Alberto Rodr\u00edguez Sa\u00e1, se refiri\u00f3 a todos los temas que afectan a los sanluise\u00f1os y a los argentinos y que indefectiblemente est\u00e1n relacionados con el panorama pol\u00edtico [&hellip;]<\/p>\n","protected":false},"author":1,"featured_media":3949,"comment_status":"open","ping_status":"open","sticky":false,"template":"","format":"standard","meta":{"footnotes":""},"categories":[29,223],"tags":[],"class_list":["post-3948","post","type-post","status-publish","format-standard","has-post-thumbnail","hentry","category-chacabuco","category-concaran"],"_links":{"self":[{"href":"https:\/\/vecinosdelinterior.com\/index.php\/wp-json\/wp\/v2\/posts\/3948","targetHints":{"allow":["GET"]}}],"collection":[{"href":"https:\/\/vecinosdelinterior.com\/index.php\/wp-json\/wp\/v2\/posts"}],"about":[{"href":"https:\/\/vecinosdelinterior.com\/index.php\/wp-json\/wp\/v2\/types\/post"}],"author":[{"embeddable":true,"href":"https:\/\/vecinosdelinterior.com\/index.php\/wp-json\/wp\/v2\/users\/1"}],"replies":[{"embeddable":true,"href":"https:\/\/vecinosdelinterior.com\/index.php\/wp-json\/wp\/v2\/comments?post=3948"}],"version-history":[{"count":3,"href":"https:\/\/vecinosdelinterior.com\/index.php\/wp-json\/wp\/v2\/posts\/3948\/revisions"}],"predecessor-version":[{"id":3955,"href":"https:\/\/vecinosdelinterior.com\/index.php\/wp-json\/wp\/v2\/posts\/3948\/revisions\/3955"}],"wp:featuredmedia":[{"embeddable":true,"href":"https:\/\/vecinosdelinterior.com\/index.php\/wp-json\/wp\/v2\/media\/3949"}],"wp:attachment":[{"href":"https:\/\/vecinosdelinterior.com\/index.php\/wp-json\/wp\/v2\/media?parent=3948"}],"wp:term":[{"taxonomy":"category","embeddable":true,"href":"https:\/\/vecinosdelinterior.com\/index.php\/wp-json\/wp\/v2\/categories?post=3948"},{"taxonomy":"post_tag","embeddable":true,"href":"https:\/\/vecinosdelinterior.com\/index.php\/wp-json\/wp\/v2\/tags?post=3948"}],"curies":[{"name":"wp","href":"https:\/\/api.w.org\/{rel}","templated":true}]}}