{"id":3959,"date":"2025-02-25T13:02:00","date_gmt":"2025-02-25T16:02:00","guid":{"rendered":"https:\/\/vecinosdelinterior.com\/?p=3959"},"modified":"2025-02-25T23:04:43","modified_gmt":"2025-02-26T02:04:43","slug":"el-museo-de-la-poesia-ofrecera-una-velada-a-puro-arte-en-la-carolina","status":"publish","type":"post","link":"https:\/\/vecinosdelinterior.com\/index.php\/2025\/02\/25\/el-museo-de-la-poesia-ofrecera-una-velada-a-puro-arte-en-la-carolina\/","title":{"rendered":"El Museo de la Poes\u00eda ofrecer\u00e1 una velada a puro arte en La Carolina"},"content":{"rendered":"\n<p>Al pie del cerro Tomolasta, el complejo hist\u00f3rico cultural recibi\u00f3 a m\u00e1s de siete mil visitantes de diversos puntos de la provincia y el pa\u00eds durante la temporada de verano. Desde este s\u00e1bado a la tarde, inaugurar\u00e1 sus actividades creativas con entrada libre y gratuita.<br>En marzo est\u00e1 previsto que arranquen los talleres en el Museo de la Poes\u00eda Manuscrita.<br>En La Carolina, a unos 80 kil\u00f3metros de la ciudad de San Luis, el Museo de la Poes\u00eda Manuscrita abre sus puertas de lunes a lunes, de 9:00 a 19:00. \u201cEl a\u00f1o pasado el museo cre\u00f3 un ciclo de exposiciones con una agenda de artistas locales que promovi\u00f3 la difusi\u00f3n y la venta de sus obras, ofreciendo, adem\u00e1s, estas instalaciones para cada presentaci\u00f3n. Este a\u00f1o, retomamos la propuesta con el artista Omar Mauricio S\u00e1nchez, oriundo del paraje Pozo Cavado, y con dos presentaciones literarias\u201d, inform\u00f3 Marcos Vel\u00e1zquez, director de la instituci\u00f3n.<\/p>\n\n\n\n<figure class=\"wp-block-image size-full\"><img fetchpriority=\"high\" decoding=\"async\" width=\"718\" height=\"684\" src=\"https:\/\/vecinosdelinterior.com\/wp-content\/uploads\/2025\/02\/25-2-2025-22-59-32.jpg\" alt=\"\" class=\"wp-image-3960\" srcset=\"https:\/\/vecinosdelinterior.com\/wp-content\/uploads\/2025\/02\/25-2-2025-22-59-32.jpg 718w, https:\/\/vecinosdelinterior.com\/wp-content\/uploads\/2025\/02\/25-2-2025-22-59-32-300x286.jpg 300w\" sizes=\"(max-width: 718px) 100vw, 718px\" \/><\/figure>\n\n\n\n<p><br>El s\u00e1bado 1\u00b0 de marzo desde las 17:00 se podr\u00e1 disfrutar de la muestra art\u00edstica \u2018Sincronicidad\u2019, a cargo de S\u00e1nchez, que propondr\u00e1 un recorrido visual cargado de simbolismo y emoci\u00f3n. Asimismo, el autor Leonardo Torrez presentar\u00e1 su libro \u2018Flores prestadas\u2019 y luego, har\u00e1 lo propio el escritor Xavier Iriarte, con \u2018Memor\u00e1ndum de un amor perdido\u2019, que adem\u00e1s contar\u00e1 con show musical en vivo.<br>\u201cLa temporada tur\u00edstica est\u00e1 terminando con un saldo positivo. Desde los primeros d\u00edas de enero hasta la actualidad recibimos a m\u00e1s de siete mil visitantes\u201d, destac\u00f3 el funcionario, quien adelant\u00f3 que se coordinan m\u00e1s iniciativas culturales, donde participar\u00e1n las agrupaciones folcl\u00f3ricas de la localidad en el transcurso del a\u00f1o.<br>A partir de marzo regresar\u00e1 el taller a cargo de la profesora Sandra Hornes, que tiene como desaf\u00edo generar un entorno de experimentaci\u00f3n para estimular la expresi\u00f3n creativa tanto en ni\u00f1os como en adultos, mediante m\u00faltiples t\u00e9cnicas de dibujo, esculturas, fotograf\u00eda, decoraci\u00f3n, entre otras.<br>Rodeado por los encantos naturales, el edificio en honor a Juan Cris\u00f3stomo Lafinur se consolida como un espacio imperdible para disfrutar en familia y con amigos, en La Carolina, localidad que fue elegida como uno de los pueblos m\u00e1s lindos del mundo.<\/p>\n","protected":false},"excerpt":{"rendered":"<p>Al pie del cerro Tomolasta, el complejo hist\u00f3rico cultural recibi\u00f3 a m\u00e1s de siete mil visitantes de diversos puntos de la provincia y el pa\u00eds durante la temporada de verano. Desde este s\u00e1bado a la tarde, inaugurar\u00e1 sus actividades creativas con entrada libre y gratuita.En marzo est\u00e1 previsto que arranquen los talleres en el Museo [&hellip;]<\/p>\n","protected":false},"author":1,"featured_media":3960,"comment_status":"open","ping_status":"open","sticky":false,"template":"","format":"standard","meta":{"footnotes":""},"categories":[2],"tags":[],"class_list":["post-3959","post","type-post","status-publish","format-standard","has-post-thumbnail","hentry","category-pringles"],"_links":{"self":[{"href":"https:\/\/vecinosdelinterior.com\/index.php\/wp-json\/wp\/v2\/posts\/3959","targetHints":{"allow":["GET"]}}],"collection":[{"href":"https:\/\/vecinosdelinterior.com\/index.php\/wp-json\/wp\/v2\/posts"}],"about":[{"href":"https:\/\/vecinosdelinterior.com\/index.php\/wp-json\/wp\/v2\/types\/post"}],"author":[{"embeddable":true,"href":"https:\/\/vecinosdelinterior.com\/index.php\/wp-json\/wp\/v2\/users\/1"}],"replies":[{"embeddable":true,"href":"https:\/\/vecinosdelinterior.com\/index.php\/wp-json\/wp\/v2\/comments?post=3959"}],"version-history":[{"count":1,"href":"https:\/\/vecinosdelinterior.com\/index.php\/wp-json\/wp\/v2\/posts\/3959\/revisions"}],"predecessor-version":[{"id":3961,"href":"https:\/\/vecinosdelinterior.com\/index.php\/wp-json\/wp\/v2\/posts\/3959\/revisions\/3961"}],"wp:featuredmedia":[{"embeddable":true,"href":"https:\/\/vecinosdelinterior.com\/index.php\/wp-json\/wp\/v2\/media\/3960"}],"wp:attachment":[{"href":"https:\/\/vecinosdelinterior.com\/index.php\/wp-json\/wp\/v2\/media?parent=3959"}],"wp:term":[{"taxonomy":"category","embeddable":true,"href":"https:\/\/vecinosdelinterior.com\/index.php\/wp-json\/wp\/v2\/categories?post=3959"},{"taxonomy":"post_tag","embeddable":true,"href":"https:\/\/vecinosdelinterior.com\/index.php\/wp-json\/wp\/v2\/tags?post=3959"}],"curies":[{"name":"wp","href":"https:\/\/api.w.org\/{rel}","templated":true}]}}