{"id":3965,"date":"2025-02-26T10:01:00","date_gmt":"2025-02-26T13:01:00","guid":{"rendered":"https:\/\/vecinosdelinterior.com\/?p=3965"},"modified":"2025-02-26T13:02:45","modified_gmt":"2025-02-26T16:02:45","slug":"san-francisco-del-monte-de-oro-un-hombre-fue-demorado-por-sustraer-elementos-de-una-vivienda","status":"publish","type":"post","link":"https:\/\/vecinosdelinterior.com\/index.php\/2025\/02\/26\/san-francisco-del-monte-de-oro-un-hombre-fue-demorado-por-sustraer-elementos-de-una-vivienda\/","title":{"rendered":"San Francisco del Monte de Oro: un hombre fue demorado por sustraer elementos de una vivienda"},"content":{"rendered":"\n<p>Este martes, efectivos de la Comisar\u00eda Distrito 14\u00b0 demoraron a un hombre de 29 a\u00f1os de edad, por un robo ocurrido en la localidad de San Francisco del Monte de Oro.<br>En horas de la tarde del mismo martes, efectivos de la comisar\u00eda recibieron la denuncia de un hombre de 75 a\u00f1os de edad, quien manifest\u00f3 que autores desconocidos le hab\u00edan sustra\u00eddo una bicicleta marca Venzo, una ri\u00f1onera y un celular de su propiedad ubicada en calle Alberdi.<\/p>\n\n\n\n<figure class=\"wp-block-image size-large\"><img fetchpriority=\"high\" decoding=\"async\" width=\"1024\" height=\"707\" src=\"https:\/\/vecinosdelinterior.com\/wp-content\/uploads\/2025\/02\/WhatsApp-Image-2025-02-26-at-12.22.09-PM-1024x707.jpeg\" alt=\"\" class=\"wp-image-3966\" srcset=\"https:\/\/vecinosdelinterior.com\/wp-content\/uploads\/2025\/02\/WhatsApp-Image-2025-02-26-at-12.22.09-PM-1024x707.jpeg 1024w, https:\/\/vecinosdelinterior.com\/wp-content\/uploads\/2025\/02\/WhatsApp-Image-2025-02-26-at-12.22.09-PM-300x207.jpeg 300w, https:\/\/vecinosdelinterior.com\/wp-content\/uploads\/2025\/02\/WhatsApp-Image-2025-02-26-at-12.22.09-PM-768x531.jpeg 768w, https:\/\/vecinosdelinterior.com\/wp-content\/uploads\/2025\/02\/WhatsApp-Image-2025-02-26-at-12.22.09-PM-750x518.jpeg 750w, https:\/\/vecinosdelinterior.com\/wp-content\/uploads\/2025\/02\/WhatsApp-Image-2025-02-26-at-12.22.09-PM.jpeg 1119w\" sizes=\"(max-width: 1024px) 100vw, 1024px\" \/><\/figure>\n\n\n\n<p><br>Posteriormente en la sede policial se hizo presente un hombre de 53 a\u00f1os, quien manifest\u00f3 que el novio de su hijastra -el hombre de 29 a\u00f1os- hab\u00eda llegado a su casa (ubicada en calle Miguel B. Pastor)con elementos de dudosa procedencia.<br>Por tal motivo, los efectivos se dirigieron al domicilio para constatar los dichos del hombre.<br>Al llegar al lugar, los uniformados se encontraron con el sujeto de 29 a\u00f1os dentro de la vivienda y los elementos sustra\u00eddos, adem\u00e1s de otros objetos de dudosa procedencia, los cuales fueron secuestrados preventivamente.<br>Por tal motivo el hombre fue demorado y trasladado a la Comisar\u00eda Distrito 14\u00b0. Se le dio conocimiento de lo actuado a la Fiscal\u00eda de Instrucci\u00f3n de turno de la Primera Circunscripci\u00f3n Judicial, a cargo de la Dra Mar\u00eda Jos\u00e9 Gui\u00f1az\u00fa (fiscal adjunta).<\/p>\n","protected":false},"excerpt":{"rendered":"<p>Este martes, efectivos de la Comisar\u00eda Distrito 14\u00b0 demoraron a un hombre de 29 a\u00f1os de edad, por un robo ocurrido en la localidad de San Francisco del Monte de Oro.En horas de la tarde del mismo martes, efectivos de la comisar\u00eda recibieron la denuncia de un hombre de 75 a\u00f1os de edad, quien manifest\u00f3 [&hellip;]<\/p>\n","protected":false},"author":1,"featured_media":3966,"comment_status":"open","ping_status":"open","sticky":false,"template":"","format":"standard","meta":{"footnotes":""},"categories":[8,9],"tags":[46],"class_list":["post-3965","post","type-post","status-publish","format-standard","has-post-thumbnail","hentry","category-ayacucho","category-san-francisco","tag-policiales"],"_links":{"self":[{"href":"https:\/\/vecinosdelinterior.com\/index.php\/wp-json\/wp\/v2\/posts\/3965","targetHints":{"allow":["GET"]}}],"collection":[{"href":"https:\/\/vecinosdelinterior.com\/index.php\/wp-json\/wp\/v2\/posts"}],"about":[{"href":"https:\/\/vecinosdelinterior.com\/index.php\/wp-json\/wp\/v2\/types\/post"}],"author":[{"embeddable":true,"href":"https:\/\/vecinosdelinterior.com\/index.php\/wp-json\/wp\/v2\/users\/1"}],"replies":[{"embeddable":true,"href":"https:\/\/vecinosdelinterior.com\/index.php\/wp-json\/wp\/v2\/comments?post=3965"}],"version-history":[{"count":1,"href":"https:\/\/vecinosdelinterior.com\/index.php\/wp-json\/wp\/v2\/posts\/3965\/revisions"}],"predecessor-version":[{"id":3967,"href":"https:\/\/vecinosdelinterior.com\/index.php\/wp-json\/wp\/v2\/posts\/3965\/revisions\/3967"}],"wp:featuredmedia":[{"embeddable":true,"href":"https:\/\/vecinosdelinterior.com\/index.php\/wp-json\/wp\/v2\/media\/3966"}],"wp:attachment":[{"href":"https:\/\/vecinosdelinterior.com\/index.php\/wp-json\/wp\/v2\/media?parent=3965"}],"wp:term":[{"taxonomy":"category","embeddable":true,"href":"https:\/\/vecinosdelinterior.com\/index.php\/wp-json\/wp\/v2\/categories?post=3965"},{"taxonomy":"post_tag","embeddable":true,"href":"https:\/\/vecinosdelinterior.com\/index.php\/wp-json\/wp\/v2\/tags?post=3965"}],"curies":[{"name":"wp","href":"https:\/\/api.w.org\/{rel}","templated":true}]}}