{"id":3983,"date":"2025-02-28T01:54:00","date_gmt":"2025-02-28T04:54:00","guid":{"rendered":"https:\/\/vecinosdelinterior.com\/?p=3983"},"modified":"2025-03-02T13:55:42","modified_gmt":"2025-03-02T16:55:42","slug":"la-educacion-como-prioridad-en-tilisarao","status":"publish","type":"post","link":"https:\/\/vecinosdelinterior.com\/index.php\/2025\/02\/28\/la-educacion-como-prioridad-en-tilisarao\/","title":{"rendered":"La Educaci\u00f3n como prioridad en Tilisarao"},"content":{"rendered":"\n<p><br>Un importante convenio de colaboraci\u00f3n con el Instituto de Formaci\u00f3n Docente Continua San Luis, fue firmado por el Intendente de Tilisarao y la rectora del mencionado establecimiento educativo, Mar\u00eda Flavia Morales. <\/p>\n\n\n\n<figure class=\"wp-block-gallery has-nested-images columns-default is-cropped wp-block-gallery-1 is-layout-flex wp-block-gallery-is-layout-flex\">\n<figure class=\"wp-block-image size-large\"><img fetchpriority=\"high\" decoding=\"async\" width=\"1024\" height=\"683\" data-id=\"3984\" src=\"https:\/\/vecinosdelinterior.com\/wp-content\/uploads\/2025\/03\/481273501_9128634130517350_5620112771028530907_n-1024x683.jpg\" alt=\"\" class=\"wp-image-3984\" srcset=\"https:\/\/vecinosdelinterior.com\/wp-content\/uploads\/2025\/03\/481273501_9128634130517350_5620112771028530907_n-1024x683.jpg 1024w, https:\/\/vecinosdelinterior.com\/wp-content\/uploads\/2025\/03\/481273501_9128634130517350_5620112771028530907_n-300x200.jpg 300w, https:\/\/vecinosdelinterior.com\/wp-content\/uploads\/2025\/03\/481273501_9128634130517350_5620112771028530907_n-768x512.jpg 768w, https:\/\/vecinosdelinterior.com\/wp-content\/uploads\/2025\/03\/481273501_9128634130517350_5620112771028530907_n-750x500.jpg 750w, https:\/\/vecinosdelinterior.com\/wp-content\/uploads\/2025\/03\/481273501_9128634130517350_5620112771028530907_n-1140x760.jpg 1140w, https:\/\/vecinosdelinterior.com\/wp-content\/uploads\/2025\/03\/481273501_9128634130517350_5620112771028530907_n.jpg 1440w\" sizes=\"(max-width: 1024px) 100vw, 1024px\" \/><\/figure>\n<\/figure>\n\n\n\n<p>El acuerdo refrendado por ambas autoridades permitir\u00e1 la llegada del Profesorado de Geograf\u00eda a nuestra localidad, brindando m\u00e1s oportunidades de formaci\u00f3n para los vecinos.<br>\u00abSeguimos gestionando y fortaleciendo alianzas con diversas instituciones educativas para garantizar m\u00e1s oportunidades de capacitaci\u00f3n y crecimiento en Tilisarao. La educaci\u00f3n es un pilar fundamental para el desarrollo de nuestra comunidad, y este es un paso clave en ese camino\u00bb destac\u00f3 el jefe comunal Juan Manuel Olgu\u00edn<\/p>\n","protected":false},"excerpt":{"rendered":"<p>Un importante convenio de colaboraci\u00f3n con el Instituto de Formaci\u00f3n Docente Continua San Luis, fue firmado por el Intendente de Tilisarao y la rectora del mencionado establecimiento educativo, Mar\u00eda Flavia Morales. El acuerdo refrendado por ambas autoridades permitir\u00e1 la llegada del Profesorado de Geograf\u00eda a nuestra localidad, brindando m\u00e1s oportunidades de formaci\u00f3n para los vecinos.\u00abSeguimos [&hellip;]<\/p>\n","protected":false},"author":1,"featured_media":3984,"comment_status":"open","ping_status":"open","sticky":false,"template":"","format":"standard","meta":{"footnotes":""},"categories":[30],"tags":[],"class_list":["post-3983","post","type-post","status-publish","format-standard","has-post-thumbnail","hentry","category-tilisarao"],"_links":{"self":[{"href":"https:\/\/vecinosdelinterior.com\/index.php\/wp-json\/wp\/v2\/posts\/3983","targetHints":{"allow":["GET"]}}],"collection":[{"href":"https:\/\/vecinosdelinterior.com\/index.php\/wp-json\/wp\/v2\/posts"}],"about":[{"href":"https:\/\/vecinosdelinterior.com\/index.php\/wp-json\/wp\/v2\/types\/post"}],"author":[{"embeddable":true,"href":"https:\/\/vecinosdelinterior.com\/index.php\/wp-json\/wp\/v2\/users\/1"}],"replies":[{"embeddable":true,"href":"https:\/\/vecinosdelinterior.com\/index.php\/wp-json\/wp\/v2\/comments?post=3983"}],"version-history":[{"count":1,"href":"https:\/\/vecinosdelinterior.com\/index.php\/wp-json\/wp\/v2\/posts\/3983\/revisions"}],"predecessor-version":[{"id":3985,"href":"https:\/\/vecinosdelinterior.com\/index.php\/wp-json\/wp\/v2\/posts\/3983\/revisions\/3985"}],"wp:featuredmedia":[{"embeddable":true,"href":"https:\/\/vecinosdelinterior.com\/index.php\/wp-json\/wp\/v2\/media\/3984"}],"wp:attachment":[{"href":"https:\/\/vecinosdelinterior.com\/index.php\/wp-json\/wp\/v2\/media?parent=3983"}],"wp:term":[{"taxonomy":"category","embeddable":true,"href":"https:\/\/vecinosdelinterior.com\/index.php\/wp-json\/wp\/v2\/categories?post=3983"},{"taxonomy":"post_tag","embeddable":true,"href":"https:\/\/vecinosdelinterior.com\/index.php\/wp-json\/wp\/v2\/tags?post=3983"}],"curies":[{"name":"wp","href":"https:\/\/api.w.org\/{rel}","templated":true}]}}