{"id":4010,"date":"2025-03-07T03:50:00","date_gmt":"2025-03-07T06:50:00","guid":{"rendered":"https:\/\/vecinosdelinterior.com\/?p=4010"},"modified":"2025-03-07T15:52:54","modified_gmt":"2025-03-07T18:52:54","slug":"alberto-rodriguez-saa-estuvo-en-buena-esperanza-y-dejo-interesantes-reflexiones-sobre-el-contexto-politico-economico-y-social-de-la-provincia","status":"publish","type":"post","link":"https:\/\/vecinosdelinterior.com\/index.php\/2025\/03\/07\/alberto-rodriguez-saa-estuvo-en-buena-esperanza-y-dejo-interesantes-reflexiones-sobre-el-contexto-politico-economico-y-social-de-la-provincia\/","title":{"rendered":"Alberto Rodr\u00edguez Sa\u00e1 estuvo en Buena Esperanza y dej\u00f3 interesantes reflexiones sobre el contexto pol\u00edtico, econ\u00f3mico y social de la provincia."},"content":{"rendered":"\n<p>El Presidente del Partido Justicialista puntano, se reuni\u00f3 con dirigentes y militantes en Buena Esperanza.<\/p>\n\n\n\n<p>Hizo un an\u00e1lisis de la realidad, cuestion\u00f3 las persecuciones de la gesti\u00f3n actual, destac\u00f3 las obras que se hicieron durante su mandato, dej\u00f3 en claro que \u00abel Peronismo es amigo del campo\u00bb y apunt\u00f3 una definici\u00f3n clave: \u00abCon nosotros, el futuro es justicia y progreso\u00bb.<\/p>\n\n\n\n<p>Durante su visita al Departamento Dupuy, en di\u00e1logo con periodistas de la zona, lament\u00f3 las persecuciones y los hostigamientos de los que son v\u00edctimas los empleados p\u00fablicos y las mujeres. \u00abSon manchones que le quedar\u00e1n a este gobierno con esta infamia, hay que remediar este proceso\u00bb, remarc\u00f3.<\/p>\n\n\n\n<p>En otro punto de su intervenci\u00f3n, coment\u00f3 que durante su gobierno siempre acompa\u00f1\u00f3 al campo y, al mismo tiempo, nunca dej\u00f3 de manifestar su rechazo hacia las retenciones.<\/p>\n\n\n\n<p>OBRAS FUNDAMENTALES<br>En un repaso por las obras que han contribuido al desarrollo y al crecimiento, dijo que \u00abel sur est\u00e1 predestinado a ser el departamento m\u00e1s rico de la provincia\u00bb. Record\u00f3 c\u00f3mo se so\u00f1\u00f3 la obra del Acueducto del Oeste, que la imagin\u00f3 el ingeniero Eloy Bona. Mencion\u00f3 la importancia de este tipo de acciones para las localidades de la zona. De igual modo, trajo a la memoria la obra del Acueducto del Este y subray\u00f3 la relevancia de una iniciativa de estas caracter\u00edsticas en un contexto donde la gente accede a agua con ars\u00e9nico.<\/p>\n\n\n\n<p>Esta proyecci\u00f3n h\u00eddrica, como otras, permitir\u00eda que los vecinos tengan un mejor servicio de riego para los cultivos intensivos. En ese sentido, dijo que la obra del Acueducto del Este estaba aprobada por Naci\u00f3n y presupuestada, pero el actual gobierno \u00abla sac\u00f3 del mapa\u00bb.<\/p>\n\n\n\n<p>Por otra parte, apunt\u00f3 que la provincia est\u00e1 sufriendo las consecuencias de un descuido que se viene registrando desde hace un a\u00f1o, donde se ha sacado a San Luis del concierto nacional. \u00abLe han apagado las luces, no hay un plan ni desaf\u00edos\u00bb, lament\u00f3. En ese contexto, enumer\u00f3 proyecciones como la ruta de los Comechingones, que iba a dar una soluci\u00f3n vial indispensable pero que el gobierno actual paraliz\u00f3 caprichosamente. Asegur\u00f3 que la gesti\u00f3n es de \u00abatraso\u00bb y que \u00absaca a San Luis del mapa\u00bb.<\/p>\n\n\n\n<p>SU AN\u00c1LISIS DE LA REALIDAD<\/p>\n\n\n\n<p>Rodr\u00edguez Sa\u00e1 describi\u00f3 que la gesti\u00f3n provincial \u00abmiente\u00bb. \u00abNosotros tenemos para mostrar todo lo que hemos hecho con la misma plata, obras durante a\u00f1os, hospitales, escuelas, la electrificaci\u00f3n rural, ac\u00e1 est\u00e1 la honestidad. Y este no hace nada y dice que no tiene plata\u00bb, repudi\u00f3.<\/p>\n\n\n\n<p>A lo largo del encuentro, que tuvo una duraci\u00f3n de una hora y media, hizo hincapi\u00e9 en el perjuicio que implica no tener buenos sueldos. Record\u00f3 que en su abordaje como gobernador, los salarios dignos generaban un importante movimiento de la econom\u00eda pero \u00abvino este gobierno y borr\u00f3 todo de un plumazo\u00bb.<\/p>\n\n\n\n<p>Destac\u00f3 que se han retrocedido \u00abvarios casilleros\u00bb, donde los principales damnificados son los estatales y el personal del Plan de Inclusi\u00f3n. No dej\u00f3 de indicar las bondades de lo que fue el Tratado de La Toma y de las obras que se hicieron en muchos pueblos con plata que la provincia cobr\u00f3 en uno de los juicios que le gan\u00f3 a la Naci\u00f3n.<\/p>\n\n\n\n<p>\u00abEl Estado tiene que facilitar que los pueblos puedan progresar, es un derecho humano. Eso es so\u00f1ar. Ya tenemos muchos logros, ahora hay que mantenerlos\u00bb, defini\u00f3.<\/p>\n","protected":false},"excerpt":{"rendered":"<p>El Presidente del Partido Justicialista puntano, se reuni\u00f3 con dirigentes y militantes en Buena Esperanza. Hizo un an\u00e1lisis de la realidad, cuestion\u00f3 las persecuciones de la gesti\u00f3n actual, destac\u00f3 las obras que se hicieron durante su mandato, dej\u00f3 en claro que \u00abel Peronismo es amigo del campo\u00bb y apunt\u00f3 una definici\u00f3n clave: \u00abCon nosotros, el [&hellip;]<\/p>\n","protected":false},"author":1,"featured_media":4011,"comment_status":"open","ping_status":"open","sticky":false,"template":"","format":"standard","meta":{"footnotes":""},"categories":[18,16],"tags":[492],"class_list":["post-4010","post","type-post","status-publish","format-standard","has-post-thumbnail","hentry","category-buena-esperanza-dupuy","category-dupuy","tag-politica"],"_links":{"self":[{"href":"https:\/\/vecinosdelinterior.com\/index.php\/wp-json\/wp\/v2\/posts\/4010","targetHints":{"allow":["GET"]}}],"collection":[{"href":"https:\/\/vecinosdelinterior.com\/index.php\/wp-json\/wp\/v2\/posts"}],"about":[{"href":"https:\/\/vecinosdelinterior.com\/index.php\/wp-json\/wp\/v2\/types\/post"}],"author":[{"embeddable":true,"href":"https:\/\/vecinosdelinterior.com\/index.php\/wp-json\/wp\/v2\/users\/1"}],"replies":[{"embeddable":true,"href":"https:\/\/vecinosdelinterior.com\/index.php\/wp-json\/wp\/v2\/comments?post=4010"}],"version-history":[{"count":1,"href":"https:\/\/vecinosdelinterior.com\/index.php\/wp-json\/wp\/v2\/posts\/4010\/revisions"}],"predecessor-version":[{"id":4012,"href":"https:\/\/vecinosdelinterior.com\/index.php\/wp-json\/wp\/v2\/posts\/4010\/revisions\/4012"}],"wp:featuredmedia":[{"embeddable":true,"href":"https:\/\/vecinosdelinterior.com\/index.php\/wp-json\/wp\/v2\/media\/4011"}],"wp:attachment":[{"href":"https:\/\/vecinosdelinterior.com\/index.php\/wp-json\/wp\/v2\/media?parent=4010"}],"wp:term":[{"taxonomy":"category","embeddable":true,"href":"https:\/\/vecinosdelinterior.com\/index.php\/wp-json\/wp\/v2\/categories?post=4010"},{"taxonomy":"post_tag","embeddable":true,"href":"https:\/\/vecinosdelinterior.com\/index.php\/wp-json\/wp\/v2\/tags?post=4010"}],"curies":[{"name":"wp","href":"https:\/\/api.w.org\/{rel}","templated":true}]}}