{"id":4013,"date":"2025-03-07T06:25:00","date_gmt":"2025-03-07T09:25:00","guid":{"rendered":"https:\/\/vecinosdelinterior.com\/?p=4013"},"modified":"2025-03-07T13:26:32","modified_gmt":"2025-03-07T16:26:32","slug":"lavaisse-asalto-a-mano-armada-robaron-una-camioneta","status":"publish","type":"post","link":"https:\/\/vecinosdelinterior.com\/index.php\/2025\/03\/07\/lavaisse-asalto-a-mano-armada-robaron-una-camioneta\/","title":{"rendered":"LAVAISSE: Asalto a mano armada: robaron una camioneta"},"content":{"rendered":"\n<p>Un violento asalto a mano armada tuvo lugar en la noche del mi\u00e9rcoles en el Establecimiento San Jos\u00e9, ubicado en Ruta 148, a cinco kil\u00f3metros de Lavaisse, dentro de la jurisdicci\u00f3n de la Comisar\u00eda Seccional 29\u00aa de la Unidad Regional de Orden P\u00fablico (UROP) N\u00b0 2 de Villa Mercedes.<br>Seg\u00fan pudo saber El Diario de la Rep\u00fablica el hecho ocurri\u00f3 alrededor de las 22:30 en el Establecimiento San Jos\u00e9. En el asalto, delincuentes armados sustrajeron una camioneta Toyota Hilux, de color gris, gasolera y con una lona negra en la parte trasera.<br>La denuncia fue transmitida por la red policial para dar con el paradero del veh\u00edculo y los responsables del il\u00edcito. Se despleg\u00f3 un operativo cerrojo en la zona y se investiga el hecho para identificar a los autores del robo.<\/p>\n\n\n\n<figure class=\"wp-block-image size-full\"><img fetchpriority=\"high\" decoding=\"async\" width=\"770\" height=\"440\" src=\"https:\/\/vecinosdelinterior.com\/wp-content\/uploads\/2025\/03\/1741261560297.webp\" alt=\"\" class=\"wp-image-4014\" srcset=\"https:\/\/vecinosdelinterior.com\/wp-content\/uploads\/2025\/03\/1741261560297.webp 770w, https:\/\/vecinosdelinterior.com\/wp-content\/uploads\/2025\/03\/1741261560297-300x171.webp 300w, https:\/\/vecinosdelinterior.com\/wp-content\/uploads\/2025\/03\/1741261560297-768x439.webp 768w, https:\/\/vecinosdelinterior.com\/wp-content\/uploads\/2025\/03\/1741261560297-750x429.webp 750w\" sizes=\"(max-width: 770px) 100vw, 770px\" \/><\/figure>\n\n\n\n<p><br>Con info de EDDLR<\/p>\n","protected":false},"excerpt":{"rendered":"<p>Un violento asalto a mano armada tuvo lugar en la noche del mi\u00e9rcoles en el Establecimiento San Jos\u00e9, ubicado en Ruta 148, a cinco kil\u00f3metros de Lavaisse, dentro de la jurisdicci\u00f3n de la Comisar\u00eda Seccional 29\u00aa de la Unidad Regional de Orden P\u00fablico (UROP) N\u00b0 2 de Villa Mercedes.Seg\u00fan pudo saber El Diario de la [&hellip;]<\/p>\n","protected":false},"author":1,"featured_media":4014,"comment_status":"open","ping_status":"open","sticky":false,"template":"","format":"standard","meta":{"footnotes":""},"categories":[1],"tags":[213],"class_list":["post-4013","post","type-post","status-publish","format-standard","has-post-thumbnail","hentry","category-blog","tag-policial"],"_links":{"self":[{"href":"https:\/\/vecinosdelinterior.com\/index.php\/wp-json\/wp\/v2\/posts\/4013","targetHints":{"allow":["GET"]}}],"collection":[{"href":"https:\/\/vecinosdelinterior.com\/index.php\/wp-json\/wp\/v2\/posts"}],"about":[{"href":"https:\/\/vecinosdelinterior.com\/index.php\/wp-json\/wp\/v2\/types\/post"}],"author":[{"embeddable":true,"href":"https:\/\/vecinosdelinterior.com\/index.php\/wp-json\/wp\/v2\/users\/1"}],"replies":[{"embeddable":true,"href":"https:\/\/vecinosdelinterior.com\/index.php\/wp-json\/wp\/v2\/comments?post=4013"}],"version-history":[{"count":1,"href":"https:\/\/vecinosdelinterior.com\/index.php\/wp-json\/wp\/v2\/posts\/4013\/revisions"}],"predecessor-version":[{"id":4015,"href":"https:\/\/vecinosdelinterior.com\/index.php\/wp-json\/wp\/v2\/posts\/4013\/revisions\/4015"}],"wp:featuredmedia":[{"embeddable":true,"href":"https:\/\/vecinosdelinterior.com\/index.php\/wp-json\/wp\/v2\/media\/4014"}],"wp:attachment":[{"href":"https:\/\/vecinosdelinterior.com\/index.php\/wp-json\/wp\/v2\/media?parent=4013"}],"wp:term":[{"taxonomy":"category","embeddable":true,"href":"https:\/\/vecinosdelinterior.com\/index.php\/wp-json\/wp\/v2\/categories?post=4013"},{"taxonomy":"post_tag","embeddable":true,"href":"https:\/\/vecinosdelinterior.com\/index.php\/wp-json\/wp\/v2\/tags?post=4013"}],"curies":[{"name":"wp","href":"https:\/\/api.w.org\/{rel}","templated":true}]}}