{"id":4016,"date":"2025-03-07T01:26:00","date_gmt":"2025-03-07T04:26:00","guid":{"rendered":"https:\/\/vecinosdelinterior.com\/?p=4016"},"modified":"2025-03-07T13:28:42","modified_gmt":"2025-03-07T16:28:42","slug":"union-convocatoria-para-acceder-a-becas-municipales","status":"publish","type":"post","link":"https:\/\/vecinosdelinterior.com\/index.php\/2025\/03\/07\/union-convocatoria-para-acceder-a-becas-municipales\/","title":{"rendered":"UNION: Convocatoria para acceder a becas municipales"},"content":{"rendered":"\n<p>El \u00c1rea de Acci\u00f3n Social, de la Municipalidad de Uni\u00f3n, informa que se encuentra abierto el periodo de Renovaci\u00f3n y Solicitud de Becas estudiantiles municipales.<br>Desde esta semana, aquellas personas que ya posean el beneficio y aquellas que deseen adquirirlo, pueden acercarse a la oficina de Acci\u00f3n Social de la Municipalidad.\u2728<br>\ud83d\udd5107:00 a 13:00hs.<br>All\u00ed podr\u00e1n realizar el retiro de formulario y recibir el asesoramiento necesario para la realizaci\u00f3n de los tr\u00e1mites<\/p>\n","protected":false},"excerpt":{"rendered":"<p>El \u00c1rea de Acci\u00f3n Social, de la Municipalidad de Uni\u00f3n, informa que se encuentra abierto el periodo de Renovaci\u00f3n y Solicitud de Becas estudiantiles municipales.Desde esta semana, aquellas personas que ya posean el beneficio y aquellas que deseen adquirirlo, pueden acercarse a la oficina de Acci\u00f3n Social de la Municipalidad.\u2728\ud83d\udd5107:00 a 13:00hs.All\u00ed podr\u00e1n realizar el [&hellip;]<\/p>\n","protected":false},"author":1,"featured_media":4017,"comment_status":"open","ping_status":"open","sticky":false,"template":"","format":"standard","meta":{"footnotes":""},"categories":[16,376],"tags":[],"class_list":["post-4016","post","type-post","status-publish","format-standard","has-post-thumbnail","hentry","category-dupuy","category-union"],"_links":{"self":[{"href":"https:\/\/vecinosdelinterior.com\/index.php\/wp-json\/wp\/v2\/posts\/4016","targetHints":{"allow":["GET"]}}],"collection":[{"href":"https:\/\/vecinosdelinterior.com\/index.php\/wp-json\/wp\/v2\/posts"}],"about":[{"href":"https:\/\/vecinosdelinterior.com\/index.php\/wp-json\/wp\/v2\/types\/post"}],"author":[{"embeddable":true,"href":"https:\/\/vecinosdelinterior.com\/index.php\/wp-json\/wp\/v2\/users\/1"}],"replies":[{"embeddable":true,"href":"https:\/\/vecinosdelinterior.com\/index.php\/wp-json\/wp\/v2\/comments?post=4016"}],"version-history":[{"count":1,"href":"https:\/\/vecinosdelinterior.com\/index.php\/wp-json\/wp\/v2\/posts\/4016\/revisions"}],"predecessor-version":[{"id":4018,"href":"https:\/\/vecinosdelinterior.com\/index.php\/wp-json\/wp\/v2\/posts\/4016\/revisions\/4018"}],"wp:featuredmedia":[{"embeddable":true,"href":"https:\/\/vecinosdelinterior.com\/index.php\/wp-json\/wp\/v2\/media\/4017"}],"wp:attachment":[{"href":"https:\/\/vecinosdelinterior.com\/index.php\/wp-json\/wp\/v2\/media?parent=4016"}],"wp:term":[{"taxonomy":"category","embeddable":true,"href":"https:\/\/vecinosdelinterior.com\/index.php\/wp-json\/wp\/v2\/categories?post=4016"},{"taxonomy":"post_tag","embeddable":true,"href":"https:\/\/vecinosdelinterior.com\/index.php\/wp-json\/wp\/v2\/tags?post=4016"}],"curies":[{"name":"wp","href":"https:\/\/api.w.org\/{rel}","templated":true}]}}