{"id":4032,"date":"2025-03-09T11:14:02","date_gmt":"2025-03-09T14:14:02","guid":{"rendered":"https:\/\/vecinosdelinterior.com\/?p=4032"},"modified":"2025-03-09T11:14:02","modified_gmt":"2025-03-09T14:14:02","slug":"naschel-se-reprogramo-para-este-domingo-el-evento-por-el-dia-de-la-mujer","status":"publish","type":"post","link":"https:\/\/vecinosdelinterior.com\/index.php\/2025\/03\/09\/naschel-se-reprogramo-para-este-domingo-el-evento-por-el-dia-de-la-mujer\/","title":{"rendered":"Naschel: Se reprogram\u00f3 para este domingo el evento por el Dia de la Mujer"},"content":{"rendered":"\n<p>vecinosdelinterior.com \/ 09 de marzo<br>Ser\u00e1 este domingo 09 de marzo a partir de las \ud83d\udd5417:00hs en la\ud83d\udccc plaza Gral San Mart\u00edn.<br>El evento contar\u00e1 con actuaci\u00f3n de diversos artistas, sorteos, m\u00fasica y mucho m\u00e1s<\/p>\n\n\n\n<figure class=\"wp-block-image size-full\"><img fetchpriority=\"high\" decoding=\"async\" width=\"768\" height=\"960\" src=\"https:\/\/vecinosdelinterior.com\/wp-content\/uploads\/2025\/03\/482069120_1245660990299088_8285751574621755904_n.jpg\" alt=\"\" class=\"wp-image-4033\" srcset=\"https:\/\/vecinosdelinterior.com\/wp-content\/uploads\/2025\/03\/482069120_1245660990299088_8285751574621755904_n.jpg 768w, https:\/\/vecinosdelinterior.com\/wp-content\/uploads\/2025\/03\/482069120_1245660990299088_8285751574621755904_n-240x300.jpg 240w, https:\/\/vecinosdelinterior.com\/wp-content\/uploads\/2025\/03\/482069120_1245660990299088_8285751574621755904_n-750x938.jpg 750w\" sizes=\"(max-width: 768px) 100vw, 768px\" \/><\/figure>\n","protected":false},"excerpt":{"rendered":"<p>vecinosdelinterior.com \/ 09 de marzoSer\u00e1 este domingo 09 de marzo a partir de las \ud83d\udd5417:00hs en la\ud83d\udccc plaza Gral San Mart\u00edn.El evento contar\u00e1 con actuaci\u00f3n de diversos artistas, sorteos, m\u00fasica y mucho m\u00e1s<\/p>\n","protected":false},"author":1,"featured_media":4033,"comment_status":"open","ping_status":"open","sticky":false,"template":"","format":"standard","meta":{"footnotes":""},"categories":[91],"tags":[499,391],"class_list":["post-4032","post","type-post","status-publish","format-standard","has-post-thumbnail","hentry","category-naschel","tag-dia-de-la-mujer","tag-eventos"],"_links":{"self":[{"href":"https:\/\/vecinosdelinterior.com\/index.php\/wp-json\/wp\/v2\/posts\/4032","targetHints":{"allow":["GET"]}}],"collection":[{"href":"https:\/\/vecinosdelinterior.com\/index.php\/wp-json\/wp\/v2\/posts"}],"about":[{"href":"https:\/\/vecinosdelinterior.com\/index.php\/wp-json\/wp\/v2\/types\/post"}],"author":[{"embeddable":true,"href":"https:\/\/vecinosdelinterior.com\/index.php\/wp-json\/wp\/v2\/users\/1"}],"replies":[{"embeddable":true,"href":"https:\/\/vecinosdelinterior.com\/index.php\/wp-json\/wp\/v2\/comments?post=4032"}],"version-history":[{"count":1,"href":"https:\/\/vecinosdelinterior.com\/index.php\/wp-json\/wp\/v2\/posts\/4032\/revisions"}],"predecessor-version":[{"id":4034,"href":"https:\/\/vecinosdelinterior.com\/index.php\/wp-json\/wp\/v2\/posts\/4032\/revisions\/4034"}],"wp:featuredmedia":[{"embeddable":true,"href":"https:\/\/vecinosdelinterior.com\/index.php\/wp-json\/wp\/v2\/media\/4033"}],"wp:attachment":[{"href":"https:\/\/vecinosdelinterior.com\/index.php\/wp-json\/wp\/v2\/media?parent=4032"}],"wp:term":[{"taxonomy":"category","embeddable":true,"href":"https:\/\/vecinosdelinterior.com\/index.php\/wp-json\/wp\/v2\/categories?post=4032"},{"taxonomy":"post_tag","embeddable":true,"href":"https:\/\/vecinosdelinterior.com\/index.php\/wp-json\/wp\/v2\/tags?post=4032"}],"curies":[{"name":"wp","href":"https:\/\/api.w.org\/{rel}","templated":true}]}}