{"id":4039,"date":"2025-03-09T11:20:00","date_gmt":"2025-03-09T14:20:00","guid":{"rendered":"https:\/\/vecinosdelinterior.com\/?p=4039"},"modified":"2025-03-09T11:26:35","modified_gmt":"2025-03-09T14:26:35","slug":"este-domingo-tilisarao-agasaja-a-sus-mujeres","status":"publish","type":"post","link":"https:\/\/vecinosdelinterior.com\/index.php\/2025\/03\/09\/este-domingo-tilisarao-agasaja-a-sus-mujeres\/","title":{"rendered":"Este domingo, Tilisarao agasaja a sus mujeres"},"content":{"rendered":"\n<p>Conmemorando el D\u00eda de la Mujer se har\u00e1 un reconocimiento a las mujeres de Tilisarao en su d\u00eda, especialmente a las mujeres emprendedoras que d\u00eda a d\u00eda se constituyen como ejemplos frente a las adversidades<br>Con una gran propuesta cultural con la destacada participaci\u00f3n de una de las mayores exponentes de nuestro folclore @daniela.mbaraca y Las Morenas.<br>\ud83d\udccd Plaza San Mart\u00edn<br>\ud83d\uddd3\ufe0f Domingo 09 de marzo &#8211; 20:00 horas<\/p>\n\n\n\n<figure class=\"wp-block-image size-large\"><img fetchpriority=\"high\" decoding=\"async\" width=\"1024\" height=\"1024\" src=\"https:\/\/vecinosdelinterior.com\/wp-content\/uploads\/2025\/03\/483487471_3012379728910533_2925642297331709008_n-1024x1024.jpg\" alt=\"\" class=\"wp-image-4040\" srcset=\"https:\/\/vecinosdelinterior.com\/wp-content\/uploads\/2025\/03\/483487471_3012379728910533_2925642297331709008_n-1024x1024.jpg 1024w, https:\/\/vecinosdelinterior.com\/wp-content\/uploads\/2025\/03\/483487471_3012379728910533_2925642297331709008_n-300x300.jpg 300w, https:\/\/vecinosdelinterior.com\/wp-content\/uploads\/2025\/03\/483487471_3012379728910533_2925642297331709008_n-150x150.jpg 150w, https:\/\/vecinosdelinterior.com\/wp-content\/uploads\/2025\/03\/483487471_3012379728910533_2925642297331709008_n-768x768.jpg 768w, https:\/\/vecinosdelinterior.com\/wp-content\/uploads\/2025\/03\/483487471_3012379728910533_2925642297331709008_n-75x75.jpg 75w, https:\/\/vecinosdelinterior.com\/wp-content\/uploads\/2025\/03\/483487471_3012379728910533_2925642297331709008_n-750x750.jpg 750w, https:\/\/vecinosdelinterior.com\/wp-content\/uploads\/2025\/03\/483487471_3012379728910533_2925642297331709008_n-1140x1140.jpg 1140w, https:\/\/vecinosdelinterior.com\/wp-content\/uploads\/2025\/03\/483487471_3012379728910533_2925642297331709008_n.jpg 1440w\" sizes=\"(max-width: 1024px) 100vw, 1024px\" \/><\/figure>\n","protected":false},"excerpt":{"rendered":"<p>Conmemorando el D\u00eda de la Mujer se har\u00e1 un reconocimiento a las mujeres de Tilisarao en su d\u00eda, especialmente a las mujeres emprendedoras que d\u00eda a d\u00eda se constituyen como ejemplos frente a las adversidadesCon una gran propuesta cultural con la destacada participaci\u00f3n de una de las mayores exponentes de nuestro folclore @daniela.mbaraca y Las [&hellip;]<\/p>\n","protected":false},"author":1,"featured_media":4040,"comment_status":"open","ping_status":"open","sticky":false,"template":"","format":"standard","meta":{"footnotes":""},"categories":[30],"tags":[499,391,177],"class_list":["post-4039","post","type-post","status-publish","format-standard","has-post-thumbnail","hentry","category-tilisarao","tag-dia-de-la-mujer","tag-eventos","tag-gestiones-destacadas"],"_links":{"self":[{"href":"https:\/\/vecinosdelinterior.com\/index.php\/wp-json\/wp\/v2\/posts\/4039","targetHints":{"allow":["GET"]}}],"collection":[{"href":"https:\/\/vecinosdelinterior.com\/index.php\/wp-json\/wp\/v2\/posts"}],"about":[{"href":"https:\/\/vecinosdelinterior.com\/index.php\/wp-json\/wp\/v2\/types\/post"}],"author":[{"embeddable":true,"href":"https:\/\/vecinosdelinterior.com\/index.php\/wp-json\/wp\/v2\/users\/1"}],"replies":[{"embeddable":true,"href":"https:\/\/vecinosdelinterior.com\/index.php\/wp-json\/wp\/v2\/comments?post=4039"}],"version-history":[{"count":1,"href":"https:\/\/vecinosdelinterior.com\/index.php\/wp-json\/wp\/v2\/posts\/4039\/revisions"}],"predecessor-version":[{"id":4041,"href":"https:\/\/vecinosdelinterior.com\/index.php\/wp-json\/wp\/v2\/posts\/4039\/revisions\/4041"}],"wp:featuredmedia":[{"embeddable":true,"href":"https:\/\/vecinosdelinterior.com\/index.php\/wp-json\/wp\/v2\/media\/4040"}],"wp:attachment":[{"href":"https:\/\/vecinosdelinterior.com\/index.php\/wp-json\/wp\/v2\/media?parent=4039"}],"wp:term":[{"taxonomy":"category","embeddable":true,"href":"https:\/\/vecinosdelinterior.com\/index.php\/wp-json\/wp\/v2\/categories?post=4039"},{"taxonomy":"post_tag","embeddable":true,"href":"https:\/\/vecinosdelinterior.com\/index.php\/wp-json\/wp\/v2\/tags?post=4039"}],"curies":[{"name":"wp","href":"https:\/\/api.w.org\/{rel}","templated":true}]}}