{"id":4055,"date":"2025-03-11T11:04:00","date_gmt":"2025-03-11T14:04:00","guid":{"rendered":"https:\/\/vecinosdelinterior.com\/?p=4055"},"modified":"2025-03-12T11:27:58","modified_gmt":"2025-03-12T14:27:58","slug":"buena-esperanza-el-4to-encuentro-departamental-de-mujeres-fue-un-exito","status":"publish","type":"post","link":"https:\/\/vecinosdelinterior.com\/index.php\/2025\/03\/11\/buena-esperanza-el-4to-encuentro-departamental-de-mujeres-fue-un-exito\/","title":{"rendered":"Buena Esperanza: El 4to encuentro Departamental de mujeres fue un \u00e9xito"},"content":{"rendered":"\n<p><\/p>\n\n\n\n<p>\u201cMujeres en Comunidad\u201d, fue el lema usado para esta edici\u00f3n.<\/p>\n\n\n\n<p>El 4to Cuarto Encuentro Departamental de Mujeres en Dupuy, busca ser un espacio de reflexi\u00f3n, debate, y proyectar acciones diversas entre las mujeres del sur puntano.<\/p>\n\n\n\n<p>El lugar elegido, en una jornada c\u00e1lida y propicia para tal encuentro fue la tradicional Plaza Sarmiento .<\/p>\n\n\n\n<figure class=\"wp-block-gallery has-nested-images columns-default is-cropped wp-block-gallery-1 is-layout-flex wp-block-gallery-is-layout-flex\">\n<figure class=\"wp-block-image size-large\"><img fetchpriority=\"high\" decoding=\"async\" width=\"1024\" height=\"812\" data-id=\"4058\" src=\"https:\/\/vecinosdelinterior.com\/wp-content\/uploads\/2025\/03\/IMG_4796-1024x812.jpg\" alt=\"\" class=\"wp-image-4058\" srcset=\"https:\/\/vecinosdelinterior.com\/wp-content\/uploads\/2025\/03\/IMG_4796-1024x812.jpg 1024w, https:\/\/vecinosdelinterior.com\/wp-content\/uploads\/2025\/03\/IMG_4796-300x238.jpg 300w, https:\/\/vecinosdelinterior.com\/wp-content\/uploads\/2025\/03\/IMG_4796-768x609.jpg 768w, https:\/\/vecinosdelinterior.com\/wp-content\/uploads\/2025\/03\/IMG_4796-750x594.jpg 750w, https:\/\/vecinosdelinterior.com\/wp-content\/uploads\/2025\/03\/IMG_4796-1140x903.jpg 1140w, https:\/\/vecinosdelinterior.com\/wp-content\/uploads\/2025\/03\/IMG_4796.jpg 1200w\" sizes=\"(max-width: 1024px) 100vw, 1024px\" \/><\/figure>\n\n\n\n<figure class=\"wp-block-image size-large\"><img decoding=\"async\" width=\"1000\" height=\"667\" data-id=\"4056\" src=\"https:\/\/vecinosdelinterior.com\/wp-content\/uploads\/2025\/03\/MG_4779.jpg\" alt=\"\" class=\"wp-image-4056\" srcset=\"https:\/\/vecinosdelinterior.com\/wp-content\/uploads\/2025\/03\/MG_4779.jpg 1000w, https:\/\/vecinosdelinterior.com\/wp-content\/uploads\/2025\/03\/MG_4779-300x200.jpg 300w, https:\/\/vecinosdelinterior.com\/wp-content\/uploads\/2025\/03\/MG_4779-768x512.jpg 768w, https:\/\/vecinosdelinterior.com\/wp-content\/uploads\/2025\/03\/MG_4779-750x500.jpg 750w\" sizes=\"(max-width: 1000px) 100vw, 1000px\" \/><\/figure>\n\n\n\n<figure class=\"wp-block-image size-large\"><img decoding=\"async\" width=\"1000\" height=\"667\" data-id=\"4057\" src=\"https:\/\/vecinosdelinterior.com\/wp-content\/uploads\/2025\/03\/IMG_4788.jpg\" alt=\"\" class=\"wp-image-4057\" srcset=\"https:\/\/vecinosdelinterior.com\/wp-content\/uploads\/2025\/03\/IMG_4788.jpg 1000w, https:\/\/vecinosdelinterior.com\/wp-content\/uploads\/2025\/03\/IMG_4788-300x200.jpg 300w, https:\/\/vecinosdelinterior.com\/wp-content\/uploads\/2025\/03\/IMG_4788-768x512.jpg 768w, https:\/\/vecinosdelinterior.com\/wp-content\/uploads\/2025\/03\/IMG_4788-750x500.jpg 750w\" sizes=\"(max-width: 1000px) 100vw, 1000px\" \/><\/figure>\n<\/figure>\n\n\n\n<p>El encuentro se organiz\u00f3 en diversos espacios tem\u00e1ticos, dise\u00f1ados para abordar diferentes dimensiones de la experiencia femenina:<\/p>\n\n\n\n<ul class=\"wp-block-list\">\n<li>Eje deportivo: Un espacio donde el deporte se reivindic\u00f3 como una herramienta de autonom\u00eda, fortaleza y empoderamiento, con actividades f\u00edsicas que pusieron en valor la capacidad y la resistencia de las mujeres.<\/li>\n\n\n\n<li>Eje art\u00edstico: La expresi\u00f3n creativa fue el veh\u00edculo para conectar con las propias vivencias y resignificar historias. El arte como un puente entre el pasado y el futuro, la memoria y la construcci\u00f3n de nuevos relatos.<\/li>\n\n\n\n<li>Eje de huerta y cooperativismo: La huerta como s\u00edmbolo de resiliencia, autosustentabilidad y resistencia, una met\u00e1fora de la propia comunidad: un espacio que, con cuidado y dedicaci\u00f3n, florece y se expande.<\/li>\n<\/ul>\n\n\n\n<p><\/p>\n\n\n\n<p><\/p>\n\n\n\n<figure class=\"wp-block-gallery has-nested-images columns-default is-cropped wp-block-gallery-2 is-layout-flex wp-block-gallery-is-layout-flex\">\n<figure class=\"wp-block-image size-large\"><img loading=\"lazy\" decoding=\"async\" width=\"1000\" height=\"667\" data-id=\"4062\" src=\"https:\/\/vecinosdelinterior.com\/wp-content\/uploads\/2025\/03\/IMG_4984.jpg\" alt=\"\" class=\"wp-image-4062\" srcset=\"https:\/\/vecinosdelinterior.com\/wp-content\/uploads\/2025\/03\/IMG_4984.jpg 1000w, https:\/\/vecinosdelinterior.com\/wp-content\/uploads\/2025\/03\/IMG_4984-300x200.jpg 300w, https:\/\/vecinosdelinterior.com\/wp-content\/uploads\/2025\/03\/IMG_4984-768x512.jpg 768w, https:\/\/vecinosdelinterior.com\/wp-content\/uploads\/2025\/03\/IMG_4984-750x500.jpg 750w\" sizes=\"(max-width: 1000px) 100vw, 1000px\" \/><\/figure>\n\n\n\n<figure class=\"wp-block-image size-large\"><img loading=\"lazy\" decoding=\"async\" width=\"800\" height=\"503\" data-id=\"4061\" src=\"https:\/\/vecinosdelinterior.com\/wp-content\/uploads\/2025\/03\/WhatsApp-Image-2025-03-10-at-12.52.54-PM-1.jpeg\" alt=\"\" class=\"wp-image-4061\" srcset=\"https:\/\/vecinosdelinterior.com\/wp-content\/uploads\/2025\/03\/WhatsApp-Image-2025-03-10-at-12.52.54-PM-1.jpeg 800w, https:\/\/vecinosdelinterior.com\/wp-content\/uploads\/2025\/03\/WhatsApp-Image-2025-03-10-at-12.52.54-PM-1-300x189.jpeg 300w, https:\/\/vecinosdelinterior.com\/wp-content\/uploads\/2025\/03\/WhatsApp-Image-2025-03-10-at-12.52.54-PM-1-768x483.jpeg 768w, https:\/\/vecinosdelinterior.com\/wp-content\/uploads\/2025\/03\/WhatsApp-Image-2025-03-10-at-12.52.54-PM-1-750x472.jpeg 750w\" sizes=\"(max-width: 800px) 100vw, 800px\" \/><\/figure>\n\n\n\n<figure class=\"wp-block-image size-large\"><img loading=\"lazy\" decoding=\"async\" width=\"800\" height=\"533\" data-id=\"4060\" src=\"https:\/\/vecinosdelinterior.com\/wp-content\/uploads\/2025\/03\/WhatsApp-Image-2025-03-10-at-12.52.54-PM.jpeg\" alt=\"\" class=\"wp-image-4060\" srcset=\"https:\/\/vecinosdelinterior.com\/wp-content\/uploads\/2025\/03\/WhatsApp-Image-2025-03-10-at-12.52.54-PM.jpeg 800w, https:\/\/vecinosdelinterior.com\/wp-content\/uploads\/2025\/03\/WhatsApp-Image-2025-03-10-at-12.52.54-PM-300x200.jpeg 300w, https:\/\/vecinosdelinterior.com\/wp-content\/uploads\/2025\/03\/WhatsApp-Image-2025-03-10-at-12.52.54-PM-768x512.jpeg 768w, https:\/\/vecinosdelinterior.com\/wp-content\/uploads\/2025\/03\/WhatsApp-Image-2025-03-10-at-12.52.54-PM-750x500.jpeg 750w\" sizes=\"(max-width: 800px) 100vw, 800px\" \/><\/figure>\n\n\n\n<figure class=\"wp-block-image size-large\"><img loading=\"lazy\" decoding=\"async\" width=\"1024\" height=\"682\" data-id=\"4059\" src=\"https:\/\/vecinosdelinterior.com\/wp-content\/uploads\/2025\/03\/WhatsApp-Image-2025-03-10-at-12.52.54-PM-2-1024x682.jpeg\" alt=\"\" class=\"wp-image-4059\" srcset=\"https:\/\/vecinosdelinterior.com\/wp-content\/uploads\/2025\/03\/WhatsApp-Image-2025-03-10-at-12.52.54-PM-2-1024x682.jpeg 1024w, https:\/\/vecinosdelinterior.com\/wp-content\/uploads\/2025\/03\/WhatsApp-Image-2025-03-10-at-12.52.54-PM-2-300x200.jpeg 300w, https:\/\/vecinosdelinterior.com\/wp-content\/uploads\/2025\/03\/WhatsApp-Image-2025-03-10-at-12.52.54-PM-2-768x512.jpeg 768w, https:\/\/vecinosdelinterior.com\/wp-content\/uploads\/2025\/03\/WhatsApp-Image-2025-03-10-at-12.52.54-PM-2-750x500.jpeg 750w, https:\/\/vecinosdelinterior.com\/wp-content\/uploads\/2025\/03\/WhatsApp-Image-2025-03-10-at-12.52.54-PM-2-1140x760.jpeg 1140w, https:\/\/vecinosdelinterior.com\/wp-content\/uploads\/2025\/03\/WhatsApp-Image-2025-03-10-at-12.52.54-PM-2.jpeg 1280w\" sizes=\"(max-width: 1024px) 100vw, 1024px\" \/><\/figure>\n<\/figure>\n\n\n\n<p>\u00abCuando pensamos en los primeros encuentros, lo hicimos con la convicci\u00f3n de que las mujeres del sur deb\u00edan tener un espacio propio, donde su voz, su historia y sus luchas sean el centro. Me emociona ver que esto ha crecido, que la comunidad lo hizo suyo, porque cuando una mujer se encuentra con otra, se teje algo m\u00e1s grande que un evento: se teje identidad, pertenencia y fuerza colectiva\u00bb destac\u00f3 la intendenta de Buena Esperanza Ing. Sof\u00eda Larroud\u00e9.<\/p>\n\n\n\n<p>Sin duda fue un evento exitoso que promete seguir creciendo, con la participaci\u00f3n de diversas instituciones que trabajan a diario  implementado acciones en protecci\u00f3n y beneficio de las mujeres que acompa\u00f1an el desarrollo y la protecci\u00f3n de las mujeres en la regi\u00f3n, el Juzgado de Paz, la CANAF de Buena Esperanza y el \u00e1rea de Acci\u00f3n Social municipal .<\/p>\n\n\n\n<p>Fotos: Prensa Municipalidad de Buena Esperanza<\/p>\n","protected":false},"excerpt":{"rendered":"<p>\u201cMujeres en Comunidad\u201d, fue el lema usado para esta edici\u00f3n. El 4to Cuarto Encuentro Departamental de Mujeres en Dupuy, busca ser un espacio de reflexi\u00f3n, debate, y proyectar acciones diversas entre las mujeres del sur puntano. El lugar elegido, en una jornada c\u00e1lida y propicia para tal encuentro fue la tradicional Plaza Sarmiento . El [&hellip;]<\/p>\n","protected":false},"author":1,"featured_media":4061,"comment_status":"open","ping_status":"open","sticky":false,"template":"","format":"standard","meta":{"footnotes":""},"categories":[437,18,16,365,484,40,376],"tags":[391,177],"class_list":["post-4055","post","type-post","status-publish","format-standard","has-post-thumbnail","hentry","category-batavia","category-buena-esperanza-dupuy","category-dupuy","category-fortuna","category-navia","category-nueva-galia","category-union","tag-eventos","tag-gestiones-destacadas"],"_links":{"self":[{"href":"https:\/\/vecinosdelinterior.com\/index.php\/wp-json\/wp\/v2\/posts\/4055","targetHints":{"allow":["GET"]}}],"collection":[{"href":"https:\/\/vecinosdelinterior.com\/index.php\/wp-json\/wp\/v2\/posts"}],"about":[{"href":"https:\/\/vecinosdelinterior.com\/index.php\/wp-json\/wp\/v2\/types\/post"}],"author":[{"embeddable":true,"href":"https:\/\/vecinosdelinterior.com\/index.php\/wp-json\/wp\/v2\/users\/1"}],"replies":[{"embeddable":true,"href":"https:\/\/vecinosdelinterior.com\/index.php\/wp-json\/wp\/v2\/comments?post=4055"}],"version-history":[{"count":2,"href":"https:\/\/vecinosdelinterior.com\/index.php\/wp-json\/wp\/v2\/posts\/4055\/revisions"}],"predecessor-version":[{"id":4064,"href":"https:\/\/vecinosdelinterior.com\/index.php\/wp-json\/wp\/v2\/posts\/4055\/revisions\/4064"}],"wp:featuredmedia":[{"embeddable":true,"href":"https:\/\/vecinosdelinterior.com\/index.php\/wp-json\/wp\/v2\/media\/4061"}],"wp:attachment":[{"href":"https:\/\/vecinosdelinterior.com\/index.php\/wp-json\/wp\/v2\/media?parent=4055"}],"wp:term":[{"taxonomy":"category","embeddable":true,"href":"https:\/\/vecinosdelinterior.com\/index.php\/wp-json\/wp\/v2\/categories?post=4055"},{"taxonomy":"post_tag","embeddable":true,"href":"https:\/\/vecinosdelinterior.com\/index.php\/wp-json\/wp\/v2\/tags?post=4055"}],"curies":[{"name":"wp","href":"https:\/\/api.w.org\/{rel}","templated":true}]}}