{"id":4071,"date":"2025-03-13T08:14:00","date_gmt":"2025-03-13T11:14:00","guid":{"rendered":"https:\/\/vecinosdelinterior.com\/?p=4071"},"modified":"2025-03-13T12:16:02","modified_gmt":"2025-03-13T15:16:02","slug":"investigan-el-brutal-ataque-a-un-hombre-en-naschel-fue-golpeado-con-un-martillo","status":"publish","type":"post","link":"https:\/\/vecinosdelinterior.com\/index.php\/2025\/03\/13\/investigan-el-brutal-ataque-a-un-hombre-en-naschel-fue-golpeado-con-un-martillo\/","title":{"rendered":"Investigan el brutal ataque a un hombre en Naschel: fue golpeado con un martillo"},"content":{"rendered":"\n<p><\/p>\n\n\n\n<p>La Polic\u00eda de San Luis investiga un violento ataque ocurrido en Naschel, donde un hombre de 30 a\u00f1os sufri\u00f3 graves heridas y fue trasladado al Hospital Central \u201c Ram\u00f3n Carrillo\u201d.<\/p>\n\n\n\n<p>El hecho ocurri\u00f3 este martes por la tarde cerca de una f\u00e1brica de tarimas en el boulevard Rivadavia. Un llamado al 911 alert\u00f3 sobre una persona herida. Minutos despu\u00e9s, desde el hospital local confirmaron el ingreso del hombre con lesiones de gravedad, lo que motiv\u00f3 su derivaci\u00f3n a la capital provincial para recibir atenci\u00f3n especializada.<\/p>\n\n\n\n<p>Efectivos de la Comisar\u00eda 24\u00b0 se presentaron en el lugar y entrevistaron al propietario del establecimiento y a un testigo, quien encontr\u00f3 a la v\u00edctima en el suelo y ensangrentada. En su relato indic\u00f3 que el herido le dijo que hab\u00eda sido atacado con un martillo por otra persona.<\/p>\n\n\n\n<p>La investigaci\u00f3n est\u00e1 a cargo de la fiscal adjunta Andrea Aguilar, de la Tercera Circunscripci\u00f3n Judicial. Mientras tanto, la Polic\u00eda contin\u00faa con las pericias para identificar al agresor y esclarecer lo sucedido.<\/p>\n\n\n\n<p>Desde el Hospital Central, informaron que la v\u00edctima permanece internada en terapia intensiva, con heridas en la cabeza y otras partes del cuerpo, aunque se encuentra hemodin\u00e1micamente estable.<\/p>\n","protected":false},"excerpt":{"rendered":"<p>La Polic\u00eda de San Luis investiga un violento ataque ocurrido en Naschel, donde un hombre de 30 a\u00f1os sufri\u00f3 graves heridas y fue trasladado al Hospital Central \u201c Ram\u00f3n Carrillo\u201d. El hecho ocurri\u00f3 este martes por la tarde cerca de una f\u00e1brica de tarimas en el boulevard Rivadavia. Un llamado al 911 alert\u00f3 sobre una [&hellip;]<\/p>\n","protected":false},"author":1,"featured_media":4072,"comment_status":"open","ping_status":"open","sticky":false,"template":"","format":"standard","meta":{"footnotes":""},"categories":[91],"tags":[213],"class_list":["post-4071","post","type-post","status-publish","format-standard","has-post-thumbnail","hentry","category-naschel","tag-policial"],"_links":{"self":[{"href":"https:\/\/vecinosdelinterior.com\/index.php\/wp-json\/wp\/v2\/posts\/4071","targetHints":{"allow":["GET"]}}],"collection":[{"href":"https:\/\/vecinosdelinterior.com\/index.php\/wp-json\/wp\/v2\/posts"}],"about":[{"href":"https:\/\/vecinosdelinterior.com\/index.php\/wp-json\/wp\/v2\/types\/post"}],"author":[{"embeddable":true,"href":"https:\/\/vecinosdelinterior.com\/index.php\/wp-json\/wp\/v2\/users\/1"}],"replies":[{"embeddable":true,"href":"https:\/\/vecinosdelinterior.com\/index.php\/wp-json\/wp\/v2\/comments?post=4071"}],"version-history":[{"count":1,"href":"https:\/\/vecinosdelinterior.com\/index.php\/wp-json\/wp\/v2\/posts\/4071\/revisions"}],"predecessor-version":[{"id":4073,"href":"https:\/\/vecinosdelinterior.com\/index.php\/wp-json\/wp\/v2\/posts\/4071\/revisions\/4073"}],"wp:featuredmedia":[{"embeddable":true,"href":"https:\/\/vecinosdelinterior.com\/index.php\/wp-json\/wp\/v2\/media\/4072"}],"wp:attachment":[{"href":"https:\/\/vecinosdelinterior.com\/index.php\/wp-json\/wp\/v2\/media?parent=4071"}],"wp:term":[{"taxonomy":"category","embeddable":true,"href":"https:\/\/vecinosdelinterior.com\/index.php\/wp-json\/wp\/v2\/categories?post=4071"},{"taxonomy":"post_tag","embeddable":true,"href":"https:\/\/vecinosdelinterior.com\/index.php\/wp-json\/wp\/v2\/tags?post=4071"}],"curies":[{"name":"wp","href":"https:\/\/api.w.org\/{rel}","templated":true}]}}