{"id":4082,"date":"2025-03-14T11:15:00","date_gmt":"2025-03-14T14:15:00","guid":{"rendered":"https:\/\/vecinosdelinterior.com\/?p=4082"},"modified":"2025-03-14T11:18:55","modified_gmt":"2025-03-14T14:18:55","slug":"la-gente-de-belgrano-esta-pidiendo-una-renovacion-un-cambio-de-figuras-con-nuevas-ideas","status":"publish","type":"post","link":"https:\/\/vecinosdelinterior.com\/index.php\/2025\/03\/14\/la-gente-de-belgrano-esta-pidiendo-una-renovacion-un-cambio-de-figuras-con-nuevas-ideas\/","title":{"rendered":"\u201cLa gente de Belgrano est\u00e1 pidiendo una renovaci\u00f3n, un cambio de figuras con nuevas ideas\u201d"},"content":{"rendered":"\n<p>Yanz\u00f3n junto con Alberto Rodr\u00edguez Sa\u00e1, en la inauguraci\u00f3n de una sede partidaria en Villa de la Quebrada. Se\u00f1al\u00f3 que la presencia del l\u00edder del PJ trajo esperanza a la gente, y que se empez\u00f3 a hablar de progresos y sue\u00f1os con el antecedente de las obras realizadas durante la gesti\u00f3n anterior. Foto: Gentileza.<br>As\u00ed lo asegur\u00f3 Fernando Yanz\u00f3n, presidente del Consejo Departamental de Belgrano del Partido Justicialista. Advirti\u00f3 que esta regi\u00f3n de la provincia se encuentra abandonada y que sufre mucho por la abrupta paralizaci\u00f3n de la obra p\u00fablica. Resalt\u00f3 la importancia de reactivar un circulo virtuoso en la econom\u00eda, para as\u00ed generar demanda y puestos de trabajo.<br>El Departamento Belgrano se encuentra olvidado y muy golpeado por la paralizaci\u00f3n de la obra p\u00fablica decididas por los gobiernos provincial y nacional. Por eso, el presidente del Consejo Departamental de Belgrano del Partido Justicialista, Fernando Yanz\u00f3n, resalt\u00f3 la importancia de dar vuelta la p\u00e1gina ante tanta postraci\u00f3n. \u201cLa gente pide una renovaci\u00f3n, un cambio de figuras, con nuevas ideas y otras formas de trabajo\u201d, asegur\u00f3.<br>\u201cEl departamento est\u00e1 triste. Los intendentes y legisladores han priorizado sus asuntos particulares. En Belgrano hay una serie de obras paralizadas que eran muy importantes para cada una de las localidades. Ante esta paralizaci\u00f3n, el silencio de los distintos representantes del departamento es incre\u00edble\u201d, afirm\u00f3 Yanz\u00f3n en una entrevista realizada en Fm Radio Lafinur.<br>Adem\u00e1s se\u00f1al\u00f3 que los empleados p\u00fablicos son perseguidos y que los centros sanitarios adolecen de much\u00edsimas deficiencias, que conspiran paa dar una atenci\u00f3n b\u00e1sica. \u201cEl departamento est\u00e1 pasado una situaci\u00f3n grave\u201d, asegur\u00f3.<br>Yanz\u00f3n describi\u00f3 como el parate de la obra p\u00fablica golpea a todas las localidades de Belgrano. \u201cLas obras que se paralizaron son las m\u00e1s importantes, como un colegio en Nogol\u00ed que estaba dise\u00f1ado para contener a quinientos chicos, la terminal de Nogol\u00ed, y en la Villa de la Quebrada el SUM\u201d, se\u00f1al\u00f3, y dijo que lo peor de todo es que no hay indicios que estos proyectos de infraestructura transformadores puedan reactivarse.<br>\u00abLa paralizaci\u00f3n de la obra p\u00fablica se nota en las empresas con la baja de personal, tambi\u00e9n en el movimiento de los comercios. Hay que entender que la obra p\u00fablica es un c\u00edrculo virtuoso, genera trabajo, demanda\u201d, contrast\u00f3 el presidente del Consejo Departamental de Belgrano del Partido Justicialista.<br>Un problema grave que deriva de este estado de abandono que padece esta regi\u00f3n es el crecimiento de la delincuencia, incluso con la manifestaci\u00f3n de robos violentos, como el ocurrido hace pocas semanas en la localidad de \u00c1rbol Solo. \u201cEn seguridad es una situaci\u00f3n preocupante\u201d, destac\u00f3.<br>Yanz\u00f3n subray\u00f3 que la desidia de las autoridades tambi\u00e9n se manifiesta en el estado de los caminos y en particular de la Autopista 25 de Mayo, con luminarias que no funcionan y animales sueltos. Tambi\u00e9n indic\u00f3 que el turismo puede ser desarrollado mucho mejor en el departamento, y resalt\u00f3 que este a\u00f1o los porcentajes de ocupaci\u00f3n de Nogol\u00ed, por ejemplo, fueron muy malos.<\/p>\n","protected":false},"excerpt":{"rendered":"<p>Yanz\u00f3n junto con Alberto Rodr\u00edguez Sa\u00e1, en la inauguraci\u00f3n de una sede partidaria en Villa de la Quebrada. Se\u00f1al\u00f3 que la presencia del l\u00edder del PJ trajo esperanza a la gente, y que se empez\u00f3 a hablar de progresos y sue\u00f1os con el antecedente de las obras realizadas durante la gesti\u00f3n anterior. Foto: Gentileza.As\u00ed lo [&hellip;]<\/p>\n","protected":false},"author":1,"featured_media":4083,"comment_status":"open","ping_status":"open","sticky":false,"template":"","format":"standard","meta":{"footnotes":""},"categories":[92,294,381,135,93],"tags":[],"class_list":["post-4082","post","type-post","status-publish","format-standard","has-post-thumbnail","hentry","category-belgrano","category-la-calera","category-los-manantiales","category-nogoli","category-villa-de-la-quebrada"],"_links":{"self":[{"href":"https:\/\/vecinosdelinterior.com\/index.php\/wp-json\/wp\/v2\/posts\/4082","targetHints":{"allow":["GET"]}}],"collection":[{"href":"https:\/\/vecinosdelinterior.com\/index.php\/wp-json\/wp\/v2\/posts"}],"about":[{"href":"https:\/\/vecinosdelinterior.com\/index.php\/wp-json\/wp\/v2\/types\/post"}],"author":[{"embeddable":true,"href":"https:\/\/vecinosdelinterior.com\/index.php\/wp-json\/wp\/v2\/users\/1"}],"replies":[{"embeddable":true,"href":"https:\/\/vecinosdelinterior.com\/index.php\/wp-json\/wp\/v2\/comments?post=4082"}],"version-history":[{"count":1,"href":"https:\/\/vecinosdelinterior.com\/index.php\/wp-json\/wp\/v2\/posts\/4082\/revisions"}],"predecessor-version":[{"id":4084,"href":"https:\/\/vecinosdelinterior.com\/index.php\/wp-json\/wp\/v2\/posts\/4082\/revisions\/4084"}],"wp:featuredmedia":[{"embeddable":true,"href":"https:\/\/vecinosdelinterior.com\/index.php\/wp-json\/wp\/v2\/media\/4083"}],"wp:attachment":[{"href":"https:\/\/vecinosdelinterior.com\/index.php\/wp-json\/wp\/v2\/media?parent=4082"}],"wp:term":[{"taxonomy":"category","embeddable":true,"href":"https:\/\/vecinosdelinterior.com\/index.php\/wp-json\/wp\/v2\/categories?post=4082"},{"taxonomy":"post_tag","embeddable":true,"href":"https:\/\/vecinosdelinterior.com\/index.php\/wp-json\/wp\/v2\/tags?post=4082"}],"curies":[{"name":"wp","href":"https:\/\/api.w.org\/{rel}","templated":true}]}}