{"id":4090,"date":"2025-03-16T08:10:00","date_gmt":"2025-03-16T11:10:00","guid":{"rendered":"https:\/\/vecinosdelinterior.com\/?p=4090"},"modified":"2025-03-16T20:11:41","modified_gmt":"2025-03-16T23:11:41","slug":"el-municipio-de-villa-praga-emitio-un-comunicado-en-respuesta-a-lo-que-denomina-una-persecucion-politica-e-infundada-contra-el-intendente-de-dicha-institucion","status":"publish","type":"post","link":"https:\/\/vecinosdelinterior.com\/index.php\/2025\/03\/16\/el-municipio-de-villa-praga-emitio-un-comunicado-en-respuesta-a-lo-que-denomina-una-persecucion-politica-e-infundada-contra-el-intendente-de-dicha-institucion\/","title":{"rendered":"El Municipio de Villa Praga emiti\u00f3 un comunicado en respuesta a lo que denomina una persecuci\u00f3n pol\u00edtica e infundada contra el intendente de dicha instituci\u00f3n"},"content":{"rendered":"\n<p>El comunicado fue publicado a trav\u00e9s de la red social de la mencionada municipalidad, y el mismo es con el fin de aclarar sobre las publicaciones realizadas en medios de noticias oficialistas donde refieren a la imputaci\u00f3n del intendente Ram\u00f3n Eulogio Cruz.<br>A continuaci\u00f3n, el comunicado:<br>\u00abQuerido, vecino. Hoy por primera vez a trav\u00e9s de la p\u00e1gina oficial del municipio, nos vemos en la necesidad de realizar este descargo.<br>Ayer viernes 14 de marzo, varios medios de comunicaci\u00f3n financiados por el gobierno de la provincia, hicieron publica una noticia que hace referencia al intendente de nuestra localidad el sr. Ram\u00f3n Eulogio Cruz. Noticia que adem\u00e1s de ser \u201cNEFASTA Y MENTIROSA \u201c es un total atropello y m\u00e1s que evidente persecuci\u00f3n pol\u00edtica.<br>Dichas publicaciones, mencionan t\u00e9rminos como corrupci\u00f3n, condena, delito, y dem\u00e1s dichos y calumnias hirientes e insultantes.<br>Pero para que todos puedan comprender aqu\u00ed les contamos la verdadera situaci\u00f3n del intendente ante la justicia.<br>El intendente se hizo presente en la audiencia de formulaci\u00f3n de cargos; que por cierto corresponde al a\u00f1o 2015 cuando el sr. Ram\u00f3n Cruz desempe\u00f1aba funciones como comisionado de la localidad de las Aguadas. Les contamos que esta causa adem\u00e1s de Prescripta, est\u00e1 la Pericial Contable firme y consentida, que en forma concluyente dice: \u201cQue no hubo ning\u00fan da\u00f1o al Municipio de las Aguadas\u201d y obviamente ning\u00fan acto de corrupci\u00f3n.<br>Por otra parte, desde nuestro lugar sugerimos al Sr. Gobernador que se ocupe de las verdaderas necesidades de la comunidad, que respete la voluntad popular (por la que result\u00f3 electo nuestro intendente), y que termine con estos medios que act\u00faan como chimeneas del oficialismo vendiendo humo y generando repudio y malestar en la sociedad. Sr. Gobernador le sugerimos que deje de sembrar odio a trav\u00e9s de su dirigencia pol\u00edtica (sobre todo en el departamento San Martin). BASTA DE PERSECUCION.<br>Al respecto, sostuvo el Intendente: -\u00abSe\u00f1or Gobernador recuerde que me pidi\u00f3 disculpas pero usted no fue sincero, no se valga de EL CHORRILLERO, RADIO G y otros medios. Es usted el responsable de este ataque sin presedentes en nuestra provincia, una persecucion ideologica que no merecemos los sanluise\u00f1os nacidos como yo en estas tierras. Usted le esta faltando a la verdad al departamento San Martin y a la provincia de San Luis.<br>La mala intenci\u00f3n de sus colaboradores amparado por el gobierno a su cargo, lo est\u00e1n mal asesorando, ya que no se consigue nada bueno cuando se act\u00faa mal dici\u00e9ndole al pueblo MENTIRAS.<br>Quiero aclarar y llevar tranquilidad a toda la poblaci\u00f3n QUE YO NO HE SIDO PROCESADO NI EMBARGADO bajo ning\u00fan concepto tampoco el Juzgado dictamino 60 d\u00edas para revertir una decisi\u00f3n de hace 10 a\u00f1os atr\u00e1s ( esto ultimo lo solicita el equipo del oficialismo) claramente como una jugada pol\u00edtica ya que en 60 d\u00edas ya habr\u00edan pasado las elecciones.<br>No sirve de nada estos medios difamadores y persecutores Radio G y en especial el mayor de sus malos consejeros, me refiero al diario El Chorrillero, el mismo que lo empuj\u00f3 a pedirme disculpas despu\u00e9s de tanta injusticia ejercida por usted.<br>El pueblo de San Luis debe saber que usted me persigue injustamente, y lo responsabilizo de cualquier ataque hacia mi persona solamente por pensar diferente.<br>No tengo mansiones ni riquezas, no tengo mas que lo necesario. El departamento San Martin me conoce y seguir\u00e9 como siempre fui, un trabajador mas al servicio de los que menos tienen.<br>Con mentiras no se logra cari\u00f1o, amor y respeto eso solo lo logramos a trav\u00e9s de a\u00f1os de trabajo y lucha para con la sociedad\u00bb.<br>( Atte. Intendente Ramon Cruz.)<\/p>\n","protected":false},"excerpt":{"rendered":"<p>El comunicado fue publicado a trav\u00e9s de la red social de la mencionada municipalidad, y el mismo es con el fin de aclarar sobre las publicaciones realizadas en medios de noticias oficialistas donde refieren a la imputaci\u00f3n del intendente Ram\u00f3n Eulogio Cruz.A continuaci\u00f3n, el comunicado:\u00abQuerido, vecino. Hoy por primera vez a trav\u00e9s de la p\u00e1gina [&hellip;]<\/p>\n","protected":false},"author":1,"featured_media":4091,"comment_status":"open","ping_status":"open","sticky":false,"template":"","format":"standard","meta":{"footnotes":""},"categories":[68,67,109],"tags":[],"class_list":["post-4090","post","type-post","status-publish","format-standard","has-post-thumbnail","hentry","category-las-aguadas","category-san-martin","category-villa-de-praga"],"_links":{"self":[{"href":"https:\/\/vecinosdelinterior.com\/index.php\/wp-json\/wp\/v2\/posts\/4090","targetHints":{"allow":["GET"]}}],"collection":[{"href":"https:\/\/vecinosdelinterior.com\/index.php\/wp-json\/wp\/v2\/posts"}],"about":[{"href":"https:\/\/vecinosdelinterior.com\/index.php\/wp-json\/wp\/v2\/types\/post"}],"author":[{"embeddable":true,"href":"https:\/\/vecinosdelinterior.com\/index.php\/wp-json\/wp\/v2\/users\/1"}],"replies":[{"embeddable":true,"href":"https:\/\/vecinosdelinterior.com\/index.php\/wp-json\/wp\/v2\/comments?post=4090"}],"version-history":[{"count":1,"href":"https:\/\/vecinosdelinterior.com\/index.php\/wp-json\/wp\/v2\/posts\/4090\/revisions"}],"predecessor-version":[{"id":4092,"href":"https:\/\/vecinosdelinterior.com\/index.php\/wp-json\/wp\/v2\/posts\/4090\/revisions\/4092"}],"wp:featuredmedia":[{"embeddable":true,"href":"https:\/\/vecinosdelinterior.com\/index.php\/wp-json\/wp\/v2\/media\/4091"}],"wp:attachment":[{"href":"https:\/\/vecinosdelinterior.com\/index.php\/wp-json\/wp\/v2\/media?parent=4090"}],"wp:term":[{"taxonomy":"category","embeddable":true,"href":"https:\/\/vecinosdelinterior.com\/index.php\/wp-json\/wp\/v2\/categories?post=4090"},{"taxonomy":"post_tag","embeddable":true,"href":"https:\/\/vecinosdelinterior.com\/index.php\/wp-json\/wp\/v2\/tags?post=4090"}],"curies":[{"name":"wp","href":"https:\/\/api.w.org\/{rel}","templated":true}]}}