{"id":4110,"date":"2025-03-17T09:23:00","date_gmt":"2025-03-17T12:23:00","guid":{"rendered":"https:\/\/vecinosdelinterior.com\/?p=4110"},"modified":"2025-03-17T15:25:58","modified_gmt":"2025-03-17T18:25:58","slug":"concaran-se-prepara-para-un-festival-solidario","status":"publish","type":"post","link":"https:\/\/vecinosdelinterior.com\/index.php\/2025\/03\/17\/concaran-se-prepara-para-un-festival-solidario\/","title":{"rendered":"Concar\u00e1n se prepara para un festival solidario"},"content":{"rendered":"\n<p><\/p>\n\n\n\n<p><a href=\"https:\/\/vecinosdelinterior.com\/?fbclid=IwZXh0bgNhZW0CMTAAAR1SccpI6fw1Z29v26wdNtiML664tYtK5ZxVyQ3UuK6FY1GcPRpTaIX--WU_aem_FoTH8uTV6KwgxwwONdwlPg\" rel=\"noreferrer noopener\" target=\"_blank\">vecinosdelinterior.com<\/a> \/ 17 de marzo<\/p>\n\n\n\n<p>En homenaje especial a los ladrilleros, con toda la m\u00fasica y el talento de Christian Herrera, junto a ballets y artistas locales, este s\u00e1bado 22 de marzo se vivir\u00e1 una gran noche en Concar\u00e1n. Una velada llena de cultura, tradici\u00f3n y emoci\u00f3n.<\/p>\n\n\n\n<p>El <a><\/a>lugar de encuentro ser\u00e1 el Polideportivo Municipal desde las 20:00 hs<\/p>\n\n\n\n<p><img decoding=\"async\" height=\"16\" width=\"16\" alt=\"\ud83c\udf9f\ufe0f\" src=\"https:\/\/static.xx.fbcdn.net\/images\/emoji.php\/v9\/td8\/1\/16\/1f39f.png\"> Anticipadas: $8.000<\/p>\n","protected":false},"excerpt":{"rendered":"<p>vecinosdelinterior.com \/ 17 de marzo En homenaje especial a los ladrilleros, con toda la m\u00fasica y el talento de Christian Herrera, junto a ballets y artistas locales, este s\u00e1bado 22 de marzo se vivir\u00e1 una gran noche en Concar\u00e1n. Una velada llena de cultura, tradici\u00f3n y emoci\u00f3n. El lugar de encuentro ser\u00e1 el Polideportivo Municipal [&hellip;]<\/p>\n","protected":false},"author":1,"featured_media":4111,"comment_status":"open","ping_status":"open","sticky":false,"template":"","format":"standard","meta":{"footnotes":""},"categories":[1],"tags":[],"class_list":["post-4110","post","type-post","status-publish","format-standard","has-post-thumbnail","hentry","category-blog"],"_links":{"self":[{"href":"https:\/\/vecinosdelinterior.com\/index.php\/wp-json\/wp\/v2\/posts\/4110","targetHints":{"allow":["GET"]}}],"collection":[{"href":"https:\/\/vecinosdelinterior.com\/index.php\/wp-json\/wp\/v2\/posts"}],"about":[{"href":"https:\/\/vecinosdelinterior.com\/index.php\/wp-json\/wp\/v2\/types\/post"}],"author":[{"embeddable":true,"href":"https:\/\/vecinosdelinterior.com\/index.php\/wp-json\/wp\/v2\/users\/1"}],"replies":[{"embeddable":true,"href":"https:\/\/vecinosdelinterior.com\/index.php\/wp-json\/wp\/v2\/comments?post=4110"}],"version-history":[{"count":1,"href":"https:\/\/vecinosdelinterior.com\/index.php\/wp-json\/wp\/v2\/posts\/4110\/revisions"}],"predecessor-version":[{"id":4112,"href":"https:\/\/vecinosdelinterior.com\/index.php\/wp-json\/wp\/v2\/posts\/4110\/revisions\/4112"}],"wp:featuredmedia":[{"embeddable":true,"href":"https:\/\/vecinosdelinterior.com\/index.php\/wp-json\/wp\/v2\/media\/4111"}],"wp:attachment":[{"href":"https:\/\/vecinosdelinterior.com\/index.php\/wp-json\/wp\/v2\/media?parent=4110"}],"wp:term":[{"taxonomy":"category","embeddable":true,"href":"https:\/\/vecinosdelinterior.com\/index.php\/wp-json\/wp\/v2\/categories?post=4110"},{"taxonomy":"post_tag","embeddable":true,"href":"https:\/\/vecinosdelinterior.com\/index.php\/wp-json\/wp\/v2\/tags?post=4110"}],"curies":[{"name":"wp","href":"https:\/\/api.w.org\/{rel}","templated":true}]}}