{"id":4113,"date":"2025-03-17T11:26:00","date_gmt":"2025-03-17T14:26:00","guid":{"rendered":"https:\/\/vecinosdelinterior.com\/?p=4113"},"modified":"2025-03-17T15:27:36","modified_gmt":"2025-03-17T18:27:36","slug":"corte-programado-en-el-acueducto-nogoli","status":"publish","type":"post","link":"https:\/\/vecinosdelinterior.com\/index.php\/2025\/03\/17\/corte-programado-en-el-acueducto-nogoli\/","title":{"rendered":"Corte programado en el acueducto Nogol\u00ed"},"content":{"rendered":"\n<p>Por tareas de reparaci\u00f3n, el sistema de distribuci\u00f3n de agua cruda se encontrar\u00e1 sin servicio en todos sus troncales y ramales por un lapso de 72 horas a partir del martes 18.<br>El corte ser\u00e1 a partir de este martes por un lapso de 72 horas.<br>San Luis Agua inform\u00f3 que realizar\u00e1n un corte programado en el acueducto Nogol\u00ed, a partir del martes 18 y por 72 horas. Las tareas se realizar\u00e1n en el inicio del acueducto y afectar\u00e1n el abastecimiento a todos los troncales y acueductos subsidiarios del sistema de agua cruda.<br>Los parajes y localidades afectados por la suspensi\u00f3n del suministro son: Santa Rosa del Gigante, Naranjo Esquino, San Pablo, El Rambloncito, Represa del Carmen, Cabeza de Vaca, El Balde, Las Lagunitas, El Rambl\u00f3n, San Pedro, Bella Estancia, San Vicente, San Antonio, Tres Lomas, Lomas Blancas, Hualtar\u00e1n, La Tranca, Puesto Balzora, Balde de Azcurra, La Salvadora, San Roque de Chipisc\u00fa, Santa Rosa del Cantantal, Santo Domingo, Chosmes, Alto Pencoso, La Calera, Jarilla e Isla de Servicios de Desaguadero.<br>Al concluir las tareas se realizar\u00e1 la presurizaci\u00f3n, regulaci\u00f3n y purgado de todo el sistema. Recomiendan ser cautelosos con el cuidado del recurso y tomar las medidas necesarias establecidas en el C\u00f3digo de Agua de la Provincia.<\/p>\n","protected":false},"excerpt":{"rendered":"<p>Por tareas de reparaci\u00f3n, el sistema de distribuci\u00f3n de agua cruda se encontrar\u00e1 sin servicio en todos sus troncales y ramales por un lapso de 72 horas a partir del martes 18.El corte ser\u00e1 a partir de este martes por un lapso de 72 horas.San Luis Agua inform\u00f3 que realizar\u00e1n un corte programado en el [&hellip;]<\/p>\n","protected":false},"author":1,"featured_media":4114,"comment_status":"open","ping_status":"open","sticky":false,"template":"","format":"standard","meta":{"footnotes":""},"categories":[1],"tags":[],"class_list":["post-4113","post","type-post","status-publish","format-standard","has-post-thumbnail","hentry","category-blog"],"_links":{"self":[{"href":"https:\/\/vecinosdelinterior.com\/index.php\/wp-json\/wp\/v2\/posts\/4113","targetHints":{"allow":["GET"]}}],"collection":[{"href":"https:\/\/vecinosdelinterior.com\/index.php\/wp-json\/wp\/v2\/posts"}],"about":[{"href":"https:\/\/vecinosdelinterior.com\/index.php\/wp-json\/wp\/v2\/types\/post"}],"author":[{"embeddable":true,"href":"https:\/\/vecinosdelinterior.com\/index.php\/wp-json\/wp\/v2\/users\/1"}],"replies":[{"embeddable":true,"href":"https:\/\/vecinosdelinterior.com\/index.php\/wp-json\/wp\/v2\/comments?post=4113"}],"version-history":[{"count":1,"href":"https:\/\/vecinosdelinterior.com\/index.php\/wp-json\/wp\/v2\/posts\/4113\/revisions"}],"predecessor-version":[{"id":4115,"href":"https:\/\/vecinosdelinterior.com\/index.php\/wp-json\/wp\/v2\/posts\/4113\/revisions\/4115"}],"wp:featuredmedia":[{"embeddable":true,"href":"https:\/\/vecinosdelinterior.com\/index.php\/wp-json\/wp\/v2\/media\/4114"}],"wp:attachment":[{"href":"https:\/\/vecinosdelinterior.com\/index.php\/wp-json\/wp\/v2\/media?parent=4113"}],"wp:term":[{"taxonomy":"category","embeddable":true,"href":"https:\/\/vecinosdelinterior.com\/index.php\/wp-json\/wp\/v2\/categories?post=4113"},{"taxonomy":"post_tag","embeddable":true,"href":"https:\/\/vecinosdelinterior.com\/index.php\/wp-json\/wp\/v2\/tags?post=4113"}],"curies":[{"name":"wp","href":"https:\/\/api.w.org\/{rel}","templated":true}]}}