{"id":4126,"date":"2025-03-18T08:36:00","date_gmt":"2025-03-18T11:36:00","guid":{"rendered":"https:\/\/vecinosdelinterior.com\/?p=4126"},"modified":"2025-03-18T13:38:15","modified_gmt":"2025-03-18T16:38:15","slug":"confirman-10-nuevos-casos-de-dengue-en-san-luis","status":"publish","type":"post","link":"https:\/\/vecinosdelinterior.com\/index.php\/2025\/03\/18\/confirman-10-nuevos-casos-de-dengue-en-san-luis\/","title":{"rendered":"Confirman 10 nuevos casos de dengue en San Luis"},"content":{"rendered":"\n<p><\/p>\n\n\n\n<p>El Ministerio de Salud confirm\u00f3 10 nuevos casos de dengue en la provincia, detectados entre el viernes y el lunes.<\/p>\n\n\n\n<p>Los contagios se distribuyen en Villa Mercedes, Renca, Tilisarao, Santa Rosa del Conlara y Candelaria.<\/p>\n\n\n\n<p>La cartera sanitaria pidi\u00f3 a la poblaci\u00f3n reforzar la prevenci\u00f3n, eliminando criaderos de mosquitos y utilizando repelente.<\/p>\n\n\n\n<p>Con estos diagn\u00f3sticos, el n\u00famero de casos aut\u00f3ctonos desde agosto de 2024 asciende a 26<\/p>\n","protected":false},"excerpt":{"rendered":"<p>El Ministerio de Salud confirm\u00f3 10 nuevos casos de dengue en la provincia, detectados entre el viernes y el lunes. Los contagios se distribuyen en Villa Mercedes, Renca, Tilisarao, Santa Rosa del Conlara y Candelaria. La cartera sanitaria pidi\u00f3 a la poblaci\u00f3n reforzar la prevenci\u00f3n, eliminando criaderos de mosquitos y utilizando repelente. Con estos diagn\u00f3sticos, [&hellip;]<\/p>\n","protected":false},"author":1,"featured_media":4127,"comment_status":"open","ping_status":"open","sticky":false,"template":"","format":"standard","meta":{"footnotes":""},"categories":[51,220,30],"tags":[373,335],"class_list":["post-4126","post","type-post","status-publish","format-standard","has-post-thumbnail","hentry","category-candelaria","category-renca","category-tilisarao","tag-dengue","tag-salud"],"_links":{"self":[{"href":"https:\/\/vecinosdelinterior.com\/index.php\/wp-json\/wp\/v2\/posts\/4126","targetHints":{"allow":["GET"]}}],"collection":[{"href":"https:\/\/vecinosdelinterior.com\/index.php\/wp-json\/wp\/v2\/posts"}],"about":[{"href":"https:\/\/vecinosdelinterior.com\/index.php\/wp-json\/wp\/v2\/types\/post"}],"author":[{"embeddable":true,"href":"https:\/\/vecinosdelinterior.com\/index.php\/wp-json\/wp\/v2\/users\/1"}],"replies":[{"embeddable":true,"href":"https:\/\/vecinosdelinterior.com\/index.php\/wp-json\/wp\/v2\/comments?post=4126"}],"version-history":[{"count":1,"href":"https:\/\/vecinosdelinterior.com\/index.php\/wp-json\/wp\/v2\/posts\/4126\/revisions"}],"predecessor-version":[{"id":4128,"href":"https:\/\/vecinosdelinterior.com\/index.php\/wp-json\/wp\/v2\/posts\/4126\/revisions\/4128"}],"wp:featuredmedia":[{"embeddable":true,"href":"https:\/\/vecinosdelinterior.com\/index.php\/wp-json\/wp\/v2\/media\/4127"}],"wp:attachment":[{"href":"https:\/\/vecinosdelinterior.com\/index.php\/wp-json\/wp\/v2\/media?parent=4126"}],"wp:term":[{"taxonomy":"category","embeddable":true,"href":"https:\/\/vecinosdelinterior.com\/index.php\/wp-json\/wp\/v2\/categories?post=4126"},{"taxonomy":"post_tag","embeddable":true,"href":"https:\/\/vecinosdelinterior.com\/index.php\/wp-json\/wp\/v2\/tags?post=4126"}],"curies":[{"name":"wp","href":"https:\/\/api.w.org\/{rel}","templated":true}]}}