{"id":4139,"date":"2025-03-20T11:49:35","date_gmt":"2025-03-20T14:49:35","guid":{"rendered":"https:\/\/vecinosdelinterior.com\/?p=4139"},"modified":"2025-03-21T11:52:56","modified_gmt":"2025-03-21T14:52:56","slug":"el-morro-la-pequena-localidad-que-nuevamente-honro-a-su-patrono-san-jose","status":"publish","type":"post","link":"https:\/\/vecinosdelinterior.com\/index.php\/2025\/03\/20\/el-morro-la-pequena-localidad-que-nuevamente-honro-a-su-patrono-san-jose\/","title":{"rendered":"El Morro, la peque\u00f1a localidad que nuevamente honr\u00f3 a su patrono San Jos\u00e9"},"content":{"rendered":"\n<p>Con una procesi\u00f3n religiosa que recorri\u00f3 las calles del pueblo y una misa en una de las iglesias m\u00e1s hist\u00f3ricas de San Luis, la comunidad celebr\u00f3 la Solemnidad de San Jos\u00e9. El gobernador Claudio Poggi, en su primera visita a la localidad, acompa\u00f1\u00f3 la jornada de celebraci\u00f3n y devoci\u00f3n.<br>La festividad religiosa tuvo epicentro en la Iglesia de El Morro.<\/p>\n\n\n\n<figure class=\"wp-block-gallery has-nested-images columns-default is-cropped wp-block-gallery-1 is-layout-flex wp-block-gallery-is-layout-flex\">\n<figure class=\"wp-block-image size-large\"><img fetchpriority=\"high\" decoding=\"async\" width=\"1024\" height=\"681\" data-id=\"4141\" src=\"https:\/\/vecinosdelinterior.com\/wp-content\/uploads\/2025\/03\/485759883_514761701674521_3878164637573950219_n-1024x681.jpg\" alt=\"\" class=\"wp-image-4141\" srcset=\"https:\/\/vecinosdelinterior.com\/wp-content\/uploads\/2025\/03\/485759883_514761701674521_3878164637573950219_n-1024x681.jpg 1024w, https:\/\/vecinosdelinterior.com\/wp-content\/uploads\/2025\/03\/485759883_514761701674521_3878164637573950219_n-300x200.jpg 300w, https:\/\/vecinosdelinterior.com\/wp-content\/uploads\/2025\/03\/485759883_514761701674521_3878164637573950219_n-768x511.jpg 768w, https:\/\/vecinosdelinterior.com\/wp-content\/uploads\/2025\/03\/485759883_514761701674521_3878164637573950219_n-1536x1022.jpg 1536w, https:\/\/vecinosdelinterior.com\/wp-content\/uploads\/2025\/03\/485759883_514761701674521_3878164637573950219_n-750x499.jpg 750w, https:\/\/vecinosdelinterior.com\/wp-content\/uploads\/2025\/03\/485759883_514761701674521_3878164637573950219_n-1140x758.jpg 1140w, https:\/\/vecinosdelinterior.com\/wp-content\/uploads\/2025\/03\/485759883_514761701674521_3878164637573950219_n.jpg 2048w\" sizes=\"(max-width: 1024px) 100vw, 1024px\" \/><\/figure>\n\n\n\n<figure class=\"wp-block-image size-large\"><img decoding=\"async\" width=\"1024\" height=\"681\" data-id=\"4140\" src=\"https:\/\/vecinosdelinterior.com\/wp-content\/uploads\/2025\/03\/485593050_514761678341190_6663750618917079997_n-1024x681.jpg\" alt=\"\" class=\"wp-image-4140\" srcset=\"https:\/\/vecinosdelinterior.com\/wp-content\/uploads\/2025\/03\/485593050_514761678341190_6663750618917079997_n-1024x681.jpg 1024w, https:\/\/vecinosdelinterior.com\/wp-content\/uploads\/2025\/03\/485593050_514761678341190_6663750618917079997_n-300x200.jpg 300w, https:\/\/vecinosdelinterior.com\/wp-content\/uploads\/2025\/03\/485593050_514761678341190_6663750618917079997_n-768x511.jpg 768w, https:\/\/vecinosdelinterior.com\/wp-content\/uploads\/2025\/03\/485593050_514761678341190_6663750618917079997_n-750x499.jpg 750w, https:\/\/vecinosdelinterior.com\/wp-content\/uploads\/2025\/03\/485593050_514761678341190_6663750618917079997_n-1140x758.jpg 1140w, https:\/\/vecinosdelinterior.com\/wp-content\/uploads\/2025\/03\/485593050_514761678341190_6663750618917079997_n.jpg 1200w\" sizes=\"(max-width: 1024px) 100vw, 1024px\" \/><\/figure>\n<\/figure>\n\n\n\n<p><br>Cada 19 de marzo, la iglesia cat\u00f3lica celebra la Solemnidad de San Jos\u00e9 y en San Luis, una peque\u00f1a localidad llamada el Morro, ubicada en el departamento Pedernera y a dos horas de la capital sanluise\u00f1a, honra a su santo patrono durante todo el d\u00eda. Este mi\u00e9rcoles, el gobernador Claudio Poggi, en su primera visita a la localidad, particip\u00f3 de la procesi\u00f3n religiosa que recorri\u00f3 las calles del hist\u00f3rico pueblo junto a la imagen de la Virgen Mar\u00eda y San Jos\u00e9.<br>La celebraci\u00f3n cont\u00f3 tambi\u00e9n con la participaci\u00f3n del intendente, El\u00edas Barroso; la Banda de M\u00fasica de la V Brigada A\u00e9rea; la Agrupaci\u00f3n Gaucha \u2018San Jos\u00e9 del Morro\u2019 e instituciones educativas.<br>Al culminar la peregrinaci\u00f3n, fue en la explanada de la Iglesia \u2018La Sagrada Familia\u2019 donde el p\u00e1rroco, Miguel Altamirano, brind\u00f3 la santa misa que reuni\u00f3 a cientos de creyentes. \u201cEs un templo hist\u00f3rico, no solo para El Morro, sino que para todo San Luis. Si separamos a nuestros pueblos de sus ra\u00edces, se mueren y lo mismo pasa con nuestras vidas cotidianas\u201d, dijo el Sacerdote, y a\u00f1adi\u00f3: \u201cEste templo es un faro para recordarnos lo que somos para saber c\u00f3mo debemos vivir\u201d. Asimismo, Altamirano le pidi\u00f3 a los fieles que pidan por su futuro.<\/p>\n","protected":false},"excerpt":{"rendered":"<p>Con una procesi\u00f3n religiosa que recorri\u00f3 las calles del pueblo y una misa en una de las iglesias m\u00e1s hist\u00f3ricas de San Luis, la comunidad celebr\u00f3 la Solemnidad de San Jos\u00e9. El gobernador Claudio Poggi, en su primera visita a la localidad, acompa\u00f1\u00f3 la jornada de celebraci\u00f3n y devoci\u00f3n.La festividad religiosa tuvo epicentro en la [&hellip;]<\/p>\n","protected":false},"author":1,"featured_media":4141,"comment_status":"open","ping_status":"open","sticky":false,"template":"","format":"standard","meta":{"footnotes":""},"categories":[1],"tags":[],"class_list":["post-4139","post","type-post","status-publish","format-standard","has-post-thumbnail","hentry","category-blog"],"_links":{"self":[{"href":"https:\/\/vecinosdelinterior.com\/index.php\/wp-json\/wp\/v2\/posts\/4139","targetHints":{"allow":["GET"]}}],"collection":[{"href":"https:\/\/vecinosdelinterior.com\/index.php\/wp-json\/wp\/v2\/posts"}],"about":[{"href":"https:\/\/vecinosdelinterior.com\/index.php\/wp-json\/wp\/v2\/types\/post"}],"author":[{"embeddable":true,"href":"https:\/\/vecinosdelinterior.com\/index.php\/wp-json\/wp\/v2\/users\/1"}],"replies":[{"embeddable":true,"href":"https:\/\/vecinosdelinterior.com\/index.php\/wp-json\/wp\/v2\/comments?post=4139"}],"version-history":[{"count":1,"href":"https:\/\/vecinosdelinterior.com\/index.php\/wp-json\/wp\/v2\/posts\/4139\/revisions"}],"predecessor-version":[{"id":4142,"href":"https:\/\/vecinosdelinterior.com\/index.php\/wp-json\/wp\/v2\/posts\/4139\/revisions\/4142"}],"wp:featuredmedia":[{"embeddable":true,"href":"https:\/\/vecinosdelinterior.com\/index.php\/wp-json\/wp\/v2\/media\/4141"}],"wp:attachment":[{"href":"https:\/\/vecinosdelinterior.com\/index.php\/wp-json\/wp\/v2\/media?parent=4139"}],"wp:term":[{"taxonomy":"category","embeddable":true,"href":"https:\/\/vecinosdelinterior.com\/index.php\/wp-json\/wp\/v2\/categories?post=4139"},{"taxonomy":"post_tag","embeddable":true,"href":"https:\/\/vecinosdelinterior.com\/index.php\/wp-json\/wp\/v2\/tags?post=4139"}],"curies":[{"name":"wp","href":"https:\/\/api.w.org\/{rel}","templated":true}]}}