{"id":4143,"date":"2025-03-20T11:53:00","date_gmt":"2025-03-20T14:53:00","guid":{"rendered":"https:\/\/vecinosdelinterior.com\/?p=4143"},"modified":"2025-03-21T11:54:10","modified_gmt":"2025-03-21T14:54:10","slug":"alto-pelado-celebra-la-18-edicion-del-festival-del-venado-de-las-pampas","status":"publish","type":"post","link":"https:\/\/vecinosdelinterior.com\/index.php\/2025\/03\/20\/alto-pelado-celebra-la-18-edicion-del-festival-del-venado-de-las-pampas\/","title":{"rendered":"Alto Pelado celebra la 18\u00b0 edici\u00f3n del Festival del Venado de Las Pampas"},"content":{"rendered":"\n<p>La tradici\u00f3n, el folclore y destrezas gauchas se conjugar\u00e1n el pr\u00f3ximo fin de semana en la localidad sure\u00f1a. La gastronom\u00eda ser\u00e1 importante, con carne a la masa, a la olla, chivos, empanadas y mucho m\u00e1s para disfrutar.<br>Las actividades que comenzaron el mi\u00e9rcoles 19 con la misa en Honor al Santo Patrono, San Jos\u00e9, en la parroquia local, continuar\u00e1n el domingo 23, desde la ma\u00f1ana en el Camping Municipal \u2018Las Sombrillas\u2019.<br>Este a\u00f1o, como en cada edici\u00f3n, artistas locales y de diferentes puntos de la provincia se dar\u00e1n cita en Alto Pelado, que recibir\u00e1 a cientos de visitantes de localidades como Zanjitas, Navia, Villa Mercedes y San Luis, entre otras; para disfrutar junto a los vecinos de una nueva edici\u00f3n del Festival del Venado de Las Pampas. Elecci\u00f3n de la reina, m\u00fasica, baile y comidas t\u00edpicas son algunos de los atractivos del mismo.<br>El domingo 23 las actividades se iniciar\u00e1n a las 9:30 con un desfile de agrupaciones gauchas; a las 11:00 comenzar\u00e1 la jineteada y otras competencias de destrezas gauchas. A las 21:00 empezar\u00e1 la presentaci\u00f3n de ballet local; Valent\u00edn \u00c1vila \u2018El \u00c1ngel del Acorde\u00f3n\u2019 (Laguna Paiva \u2013 Santa Fe); Aldo y Los Diamantes (La Toma, San Luis) y el payador Facundo Miranda con la animaci\u00f3n de Alito L\u00f3pez (C\u00f3rdoba).<\/p>\n\n\n\n<p><\/p>\n","protected":false},"excerpt":{"rendered":"<p>La tradici\u00f3n, el folclore y destrezas gauchas se conjugar\u00e1n el pr\u00f3ximo fin de semana en la localidad sure\u00f1a. La gastronom\u00eda ser\u00e1 importante, con carne a la masa, a la olla, chivos, empanadas y mucho m\u00e1s para disfrutar.Las actividades que comenzaron el mi\u00e9rcoles 19 con la misa en Honor al Santo Patrono, San Jos\u00e9, en la [&hellip;]<\/p>\n","protected":false},"author":1,"featured_media":4144,"comment_status":"open","ping_status":"open","sticky":false,"template":"","format":"standard","meta":{"footnotes":""},"categories":[1],"tags":[],"class_list":["post-4143","post","type-post","status-publish","format-standard","has-post-thumbnail","hentry","category-blog"],"_links":{"self":[{"href":"https:\/\/vecinosdelinterior.com\/index.php\/wp-json\/wp\/v2\/posts\/4143","targetHints":{"allow":["GET"]}}],"collection":[{"href":"https:\/\/vecinosdelinterior.com\/index.php\/wp-json\/wp\/v2\/posts"}],"about":[{"href":"https:\/\/vecinosdelinterior.com\/index.php\/wp-json\/wp\/v2\/types\/post"}],"author":[{"embeddable":true,"href":"https:\/\/vecinosdelinterior.com\/index.php\/wp-json\/wp\/v2\/users\/1"}],"replies":[{"embeddable":true,"href":"https:\/\/vecinosdelinterior.com\/index.php\/wp-json\/wp\/v2\/comments?post=4143"}],"version-history":[{"count":1,"href":"https:\/\/vecinosdelinterior.com\/index.php\/wp-json\/wp\/v2\/posts\/4143\/revisions"}],"predecessor-version":[{"id":4145,"href":"https:\/\/vecinosdelinterior.com\/index.php\/wp-json\/wp\/v2\/posts\/4143\/revisions\/4145"}],"wp:featuredmedia":[{"embeddable":true,"href":"https:\/\/vecinosdelinterior.com\/index.php\/wp-json\/wp\/v2\/media\/4144"}],"wp:attachment":[{"href":"https:\/\/vecinosdelinterior.com\/index.php\/wp-json\/wp\/v2\/media?parent=4143"}],"wp:term":[{"taxonomy":"category","embeddable":true,"href":"https:\/\/vecinosdelinterior.com\/index.php\/wp-json\/wp\/v2\/categories?post=4143"},{"taxonomy":"post_tag","embeddable":true,"href":"https:\/\/vecinosdelinterior.com\/index.php\/wp-json\/wp\/v2\/tags?post=4143"}],"curies":[{"name":"wp","href":"https:\/\/api.w.org\/{rel}","templated":true}]}}