{"id":4155,"date":"2025-03-24T08:33:00","date_gmt":"2025-03-24T11:33:00","guid":{"rendered":"https:\/\/vecinosdelinterior.com\/?p=4155"},"modified":"2025-03-24T20:34:54","modified_gmt":"2025-03-24T23:34:54","slug":"se-viene-un-tributo-a-soda-stereo-en-el-centro-cultural-san-francisco","status":"publish","type":"post","link":"https:\/\/vecinosdelinterior.com\/index.php\/2025\/03\/24\/se-viene-un-tributo-a-soda-stereo-en-el-centro-cultural-san-francisco\/","title":{"rendered":"Se viene un tributo a Soda Stereo en el Centro Cultural \u2018San Francisco\u2019"},"content":{"rendered":"\n<p>VECINOSDELINTERIOR \/ 24 de marzo<\/p>\n\n\n\n<p>La banda Can\u00edbales se presentar\u00e1 el 29 de marzo a las 21:30, en la sala \u2018Clara Chut\u00fan\u2019 Las entradas se encuentran a la venta a $5.000.<\/p>\n\n\n\n<p>\u2018Can\u00edbales\u2019 es una banda tributo a Soda Stereo que se gest\u00f3 en San Luis en 2023. Los m\u00fasicos sintetizan en su repertorio gran parte de la obra de Gustavo Cerati con su banda y tambi\u00e9n su etapa solista.<\/p>\n\n\n\n<p>La agrupaci\u00f3n cuenta con m\u00e1s de 30 temas en su repertorio y adapta la duraci\u00f3n del show a los requerimientos de la ocasi\u00f3n en una performance que incluye sonido de alta calidad y precisi\u00f3n, iluminaci\u00f3n propia, entretenimiento y dinamismo para recordar al sublime artista.<\/p>\n\n\n\n<p>La banda est\u00e1 integrada por Diego Cabeyt\u00fa, en guitarras y voz, nativo de San Luis, productor musical y desarroll\u00f3 su carrera en Europa desde hace 20 a\u00f1os con el D\u00fao Cabeyt\u00fa Brothers y otros proyectos solistas que incluyen repertorio de rock internacional y m\u00fasica \u00e9tnica europea.<\/p>\n\n\n\n<p>Ha actuado en Espa\u00f1a, Inglaterra. Escocia, Gales, Irlanda y Argentina<\/p>\n\n\n\n<p>Patricio Pozzi, realiza bater\u00eda y percusi\u00f3n, es m\u00fasico de la ciudad de San Luis. Particip\u00f3 en bandas del \u00e1mbito local y se form\u00f3 como baterista de rock y metal desde temprana edad con gran virtuosismo.<\/p>\n\n\n\n<p>Mientras Juanjo Cabeyt\u00fa, toca el bajo y coros. Es oriundo de Villa Mercedes y desarroll\u00f3 su carrera musical en el \u00e1mbito del rock en distintas bandas de la ciudad y en el \u00e1mbito coral como cantante, director de coros y preparador vocal<\/p>\n","protected":false},"excerpt":{"rendered":"<p>VECINOSDELINTERIOR \/ 24 de marzo La banda Can\u00edbales se presentar\u00e1 el 29 de marzo a las 21:30, en la sala \u2018Clara Chut\u00fan\u2019 Las entradas se encuentran a la venta a $5.000. \u2018Can\u00edbales\u2019 es una banda tributo a Soda Stereo que se gest\u00f3 en San Luis en 2023. Los m\u00fasicos sintetizan en su repertorio gran parte [&hellip;]<\/p>\n","protected":false},"author":1,"featured_media":4156,"comment_status":"open","ping_status":"open","sticky":false,"template":"","format":"standard","meta":{"footnotes":""},"categories":[9],"tags":[391],"class_list":["post-4155","post","type-post","status-publish","format-standard","has-post-thumbnail","hentry","category-san-francisco","tag-eventos"],"_links":{"self":[{"href":"https:\/\/vecinosdelinterior.com\/index.php\/wp-json\/wp\/v2\/posts\/4155","targetHints":{"allow":["GET"]}}],"collection":[{"href":"https:\/\/vecinosdelinterior.com\/index.php\/wp-json\/wp\/v2\/posts"}],"about":[{"href":"https:\/\/vecinosdelinterior.com\/index.php\/wp-json\/wp\/v2\/types\/post"}],"author":[{"embeddable":true,"href":"https:\/\/vecinosdelinterior.com\/index.php\/wp-json\/wp\/v2\/users\/1"}],"replies":[{"embeddable":true,"href":"https:\/\/vecinosdelinterior.com\/index.php\/wp-json\/wp\/v2\/comments?post=4155"}],"version-history":[{"count":1,"href":"https:\/\/vecinosdelinterior.com\/index.php\/wp-json\/wp\/v2\/posts\/4155\/revisions"}],"predecessor-version":[{"id":4157,"href":"https:\/\/vecinosdelinterior.com\/index.php\/wp-json\/wp\/v2\/posts\/4155\/revisions\/4157"}],"wp:featuredmedia":[{"embeddable":true,"href":"https:\/\/vecinosdelinterior.com\/index.php\/wp-json\/wp\/v2\/media\/4156"}],"wp:attachment":[{"href":"https:\/\/vecinosdelinterior.com\/index.php\/wp-json\/wp\/v2\/media?parent=4155"}],"wp:term":[{"taxonomy":"category","embeddable":true,"href":"https:\/\/vecinosdelinterior.com\/index.php\/wp-json\/wp\/v2\/categories?post=4155"},{"taxonomy":"post_tag","embeddable":true,"href":"https:\/\/vecinosdelinterior.com\/index.php\/wp-json\/wp\/v2\/tags?post=4155"}],"curies":[{"name":"wp","href":"https:\/\/api.w.org\/{rel}","templated":true}]}}