{"id":4167,"date":"2025-03-21T20:39:00","date_gmt":"2025-03-21T23:39:00","guid":{"rendered":"https:\/\/vecinosdelinterior.com\/?p=4167"},"modified":"2025-03-24T20:41:26","modified_gmt":"2025-03-24T23:41:26","slug":"candelaria-llega-el-18o-encuentro-interprovincial-de-agrupaciones-gauchas-y-fortines","status":"publish","type":"post","link":"https:\/\/vecinosdelinterior.com\/index.php\/2025\/03\/21\/candelaria-llega-el-18o-encuentro-interprovincial-de-agrupaciones-gauchas-y-fortines\/","title":{"rendered":"Candelaria: Llega el 18\u00ba Encuentro Interprovincial de Agrupaciones Gauchas y Fortines"},"content":{"rendered":"\n<p>Este s\u00e1bado 22 de marzo, desde las 15:00 se viene una nueva edici\u00f3n del tradicional evento en el predio de doma \u2018El Cadillo\u2019. Habr\u00e1 bandas de m\u00fasica y ballets locales.<br>Candelaria, emplazada en el departamento Ayacucho, en el norte de la provincia de San Luis, se remonta a principios de la conquista y colonizaci\u00f3n del territorio nacional (por entonces Virreinato del R\u00edo de la Plata). Se caracteriza por ser una zona agr\u00edcola donde tambi\u00e9n hay cultivos de cereales, hortalizas y frutales.<br>En esta localidad, su municipio organiz\u00f3 el 18\u00ba Encuentro Interprovincial de Agrupaciones Gauchas y Fortines \u2018El Cadillo\u2019. Se trata de una hist\u00f3rica festividad que re\u00fane la tradici\u00f3n gauchesca, el folklore y la comunidad local en el predio.<br>En esta oportunidad, participar\u00e1n Pablo Alcaraz y su Banda de Fiesta, Yiyo y su Banda, Sentimiento Nuevo, Los Hermanos Barrios y los ballets de Danzas \u2018Danzarte\u2019 y Alma Folkl\u00f3rica.<br>Los vecinos podr\u00e1n llevar su reposera para disfrutar de los espect\u00e1culos.<\/p>\n\n\n\n<p><\/p>\n","protected":false},"excerpt":{"rendered":"<p>Este s\u00e1bado 22 de marzo, desde las 15:00 se viene una nueva edici\u00f3n del tradicional evento en el predio de doma \u2018El Cadillo\u2019. Habr\u00e1 bandas de m\u00fasica y ballets locales.Candelaria, emplazada en el departamento Ayacucho, en el norte de la provincia de San Luis, se remonta a principios de la conquista y colonizaci\u00f3n del territorio [&hellip;]<\/p>\n","protected":false},"author":1,"featured_media":4168,"comment_status":"open","ping_status":"open","sticky":false,"template":"","format":"standard","meta":{"footnotes":""},"categories":[1],"tags":[],"class_list":["post-4167","post","type-post","status-publish","format-standard","has-post-thumbnail","hentry","category-blog"],"_links":{"self":[{"href":"https:\/\/vecinosdelinterior.com\/index.php\/wp-json\/wp\/v2\/posts\/4167","targetHints":{"allow":["GET"]}}],"collection":[{"href":"https:\/\/vecinosdelinterior.com\/index.php\/wp-json\/wp\/v2\/posts"}],"about":[{"href":"https:\/\/vecinosdelinterior.com\/index.php\/wp-json\/wp\/v2\/types\/post"}],"author":[{"embeddable":true,"href":"https:\/\/vecinosdelinterior.com\/index.php\/wp-json\/wp\/v2\/users\/1"}],"replies":[{"embeddable":true,"href":"https:\/\/vecinosdelinterior.com\/index.php\/wp-json\/wp\/v2\/comments?post=4167"}],"version-history":[{"count":1,"href":"https:\/\/vecinosdelinterior.com\/index.php\/wp-json\/wp\/v2\/posts\/4167\/revisions"}],"predecessor-version":[{"id":4169,"href":"https:\/\/vecinosdelinterior.com\/index.php\/wp-json\/wp\/v2\/posts\/4167\/revisions\/4169"}],"wp:featuredmedia":[{"embeddable":true,"href":"https:\/\/vecinosdelinterior.com\/index.php\/wp-json\/wp\/v2\/media\/4168"}],"wp:attachment":[{"href":"https:\/\/vecinosdelinterior.com\/index.php\/wp-json\/wp\/v2\/media?parent=4167"}],"wp:term":[{"taxonomy":"category","embeddable":true,"href":"https:\/\/vecinosdelinterior.com\/index.php\/wp-json\/wp\/v2\/categories?post=4167"},{"taxonomy":"post_tag","embeddable":true,"href":"https:\/\/vecinosdelinterior.com\/index.php\/wp-json\/wp\/v2\/tags?post=4167"}],"curies":[{"name":"wp","href":"https:\/\/api.w.org\/{rel}","templated":true}]}}