{"id":4170,"date":"2025-03-24T23:24:25","date_gmt":"2025-03-25T02:24:25","guid":{"rendered":"https:\/\/vecinosdelinterior.com\/?p=4170"},"modified":"2025-03-24T23:25:05","modified_gmt":"2025-03-25T02:25:05","slug":"un-hombre-se-accidento-con-su-auto-en-la-ruta-provincial-9-y-al-salir-del-vehiculo-cayo-a-un-precipicio","status":"publish","type":"post","link":"https:\/\/vecinosdelinterior.com\/index.php\/2025\/03\/24\/un-hombre-se-accidento-con-su-auto-en-la-ruta-provincial-9-y-al-salir-del-vehiculo-cayo-a-un-precipicio\/","title":{"rendered":"Un hombre se accident\u00f3 con su auto en la ruta provincial 9 y al salir del veh\u00edculo cay\u00f3 a un precipicio"},"content":{"rendered":"\n<p>VECINOSDELINTERIOR.COM \/ 24 DE MARZO<br>Este lunes, alrededor de las 16:00, se produjo un accidente en la ruta provincial 9, a unos 18 kil\u00f3metros de la localidad de La Carolina.<br>De acuerdo a las averiguaciones policiales, un hombre de 55 a\u00f1os de edad que conduc\u00eda de norte a sur un autom\u00f3vil Fiat Palio, perdi\u00f3 el control del veh\u00edculo en una curva, provocando una colisi\u00f3n contra el guardarrail.<br>El hombre, al abrir la puerta para salir del autom\u00f3vil, no se percat\u00f3 del precipicio en ese sitio, y cay\u00f3 varios metros hacia el barranco.<br>Personal de Bomberos Voluntarios de La Carolina y personal m\u00e9dico del centro de salud de esa localidad trabajaron en el rescate del individuo, quien sufri\u00f3 distintos golpes por la ca\u00edda<br>Seguidamente fue trasladado en ambulancia al hospital de El Trapiche y luego fue derivado hacia el Hospital Central \u201cDr. Ram\u00f3n Carrillo\u201d para una atenci\u00f3n m\u00e9dica m\u00e1s compleja.<\/p>\n\n\n\n<figure class=\"wp-block-gallery has-nested-images columns-default is-cropped wp-block-gallery-1 is-layout-flex wp-block-gallery-is-layout-flex\">\n<figure class=\"wp-block-image size-large\"><img fetchpriority=\"high\" decoding=\"async\" width=\"1024\" height=\"763\" data-id=\"4171\" src=\"https:\/\/vecinosdelinterior.com\/wp-content\/uploads\/2025\/03\/WhatsApp-Image-2025-03-24-at-10.44.09-PM-1024x763.jpeg\" alt=\"\" class=\"wp-image-4171\" srcset=\"https:\/\/vecinosdelinterior.com\/wp-content\/uploads\/2025\/03\/WhatsApp-Image-2025-03-24-at-10.44.09-PM-1024x763.jpeg 1024w, https:\/\/vecinosdelinterior.com\/wp-content\/uploads\/2025\/03\/WhatsApp-Image-2025-03-24-at-10.44.09-PM-300x223.jpeg 300w, https:\/\/vecinosdelinterior.com\/wp-content\/uploads\/2025\/03\/WhatsApp-Image-2025-03-24-at-10.44.09-PM-768x572.jpeg 768w, https:\/\/vecinosdelinterior.com\/wp-content\/uploads\/2025\/03\/WhatsApp-Image-2025-03-24-at-10.44.09-PM-750x559.jpeg 750w, https:\/\/vecinosdelinterior.com\/wp-content\/uploads\/2025\/03\/WhatsApp-Image-2025-03-24-at-10.44.09-PM-1140x849.jpeg 1140w, https:\/\/vecinosdelinterior.com\/wp-content\/uploads\/2025\/03\/WhatsApp-Image-2025-03-24-at-10.44.09-PM.jpeg 1191w\" sizes=\"(max-width: 1024px) 100vw, 1024px\" \/><\/figure>\n\n\n\n<figure class=\"wp-block-image size-large\"><img decoding=\"async\" width=\"1024\" height=\"768\" data-id=\"4172\" src=\"https:\/\/vecinosdelinterior.com\/wp-content\/uploads\/2025\/03\/WhatsApp-Image-2025-03-24-at-10.44.08-PM-1024x768.jpeg\" alt=\"\" class=\"wp-image-4172\" srcset=\"https:\/\/vecinosdelinterior.com\/wp-content\/uploads\/2025\/03\/WhatsApp-Image-2025-03-24-at-10.44.08-PM-1024x768.jpeg 1024w, https:\/\/vecinosdelinterior.com\/wp-content\/uploads\/2025\/03\/WhatsApp-Image-2025-03-24-at-10.44.08-PM-300x225.jpeg 300w, https:\/\/vecinosdelinterior.com\/wp-content\/uploads\/2025\/03\/WhatsApp-Image-2025-03-24-at-10.44.08-PM-768x576.jpeg 768w, https:\/\/vecinosdelinterior.com\/wp-content\/uploads\/2025\/03\/WhatsApp-Image-2025-03-24-at-10.44.08-PM-750x563.jpeg 750w, https:\/\/vecinosdelinterior.com\/wp-content\/uploads\/2025\/03\/WhatsApp-Image-2025-03-24-at-10.44.08-PM-1140x855.jpeg 1140w, https:\/\/vecinosdelinterior.com\/wp-content\/uploads\/2025\/03\/WhatsApp-Image-2025-03-24-at-10.44.08-PM.jpeg 1280w\" sizes=\"(max-width: 1024px) 100vw, 1024px\" \/><\/figure>\n<\/figure>\n","protected":false},"excerpt":{"rendered":"<p>VECINOSDELINTERIOR.COM \/ 24 DE MARZOEste lunes, alrededor de las 16:00, se produjo un accidente en la ruta provincial 9, a unos 18 kil\u00f3metros de la localidad de La Carolina.De acuerdo a las averiguaciones policiales, un hombre de 55 a\u00f1os de edad que conduc\u00eda de norte a sur un autom\u00f3vil Fiat Palio, perdi\u00f3 el control del [&hellip;]<\/p>\n","protected":false},"author":1,"featured_media":4172,"comment_status":"open","ping_status":"open","sticky":false,"template":"","format":"standard","meta":{"footnotes":""},"categories":[112],"tags":[],"class_list":["post-4170","post","type-post","status-publish","format-standard","has-post-thumbnail","hentry","category-la-carolina"],"_links":{"self":[{"href":"https:\/\/vecinosdelinterior.com\/index.php\/wp-json\/wp\/v2\/posts\/4170","targetHints":{"allow":["GET"]}}],"collection":[{"href":"https:\/\/vecinosdelinterior.com\/index.php\/wp-json\/wp\/v2\/posts"}],"about":[{"href":"https:\/\/vecinosdelinterior.com\/index.php\/wp-json\/wp\/v2\/types\/post"}],"author":[{"embeddable":true,"href":"https:\/\/vecinosdelinterior.com\/index.php\/wp-json\/wp\/v2\/users\/1"}],"replies":[{"embeddable":true,"href":"https:\/\/vecinosdelinterior.com\/index.php\/wp-json\/wp\/v2\/comments?post=4170"}],"version-history":[{"count":1,"href":"https:\/\/vecinosdelinterior.com\/index.php\/wp-json\/wp\/v2\/posts\/4170\/revisions"}],"predecessor-version":[{"id":4173,"href":"https:\/\/vecinosdelinterior.com\/index.php\/wp-json\/wp\/v2\/posts\/4170\/revisions\/4173"}],"wp:featuredmedia":[{"embeddable":true,"href":"https:\/\/vecinosdelinterior.com\/index.php\/wp-json\/wp\/v2\/media\/4172"}],"wp:attachment":[{"href":"https:\/\/vecinosdelinterior.com\/index.php\/wp-json\/wp\/v2\/media?parent=4170"}],"wp:term":[{"taxonomy":"category","embeddable":true,"href":"https:\/\/vecinosdelinterior.com\/index.php\/wp-json\/wp\/v2\/categories?post=4170"},{"taxonomy":"post_tag","embeddable":true,"href":"https:\/\/vecinosdelinterior.com\/index.php\/wp-json\/wp\/v2\/tags?post=4170"}],"curies":[{"name":"wp","href":"https:\/\/api.w.org\/{rel}","templated":true}]}}