{"id":4175,"date":"2025-03-25T12:16:21","date_gmt":"2025-03-25T15:16:21","guid":{"rendered":"https:\/\/vecinosdelinterior.com\/?p=4175"},"modified":"2025-03-26T12:17:43","modified_gmt":"2025-03-26T15:17:43","slug":"golpeo-con-una-maza-a-su-companero-en-naschel-y-seguira-detenido","status":"publish","type":"post","link":"https:\/\/vecinosdelinterior.com\/index.php\/2025\/03\/25\/golpeo-con-una-maza-a-su-companero-en-naschel-y-seguira-detenido\/","title":{"rendered":"Golpe\u00f3 con una maza a su compa\u00f1ero en Naschel y seguir\u00e1 detenido"},"content":{"rendered":"\n<p><\/p>\n\n\n\n<p><a href=\"https:\/\/vecinosdelinterior.com\/?fbclid=IwZXh0bgNhZW0CMTAAAR3jZgV82tfzeQ1za1-D_tYgSEt5ZpooewghgaB702ho0E-xHzhF5hGUX4s_aem_jPEwsnjIsCBLiL2PH76fWQ\" rel=\"noreferrer noopener\" target=\"_blank\">VECINOSDELINTERIOR.COM<\/a> \/ 26 DE MARZO<\/p>\n\n\n\n<p><a><\/a>El Juzgado de Garant\u00eda N\u00b0 1 de la Tercera Circunscripci\u00f3n Judicial, a cargo de Nicol\u00e1s Dami\u00e1n Coppola, orden\u00f3 este martes la prisi\u00f3n preventiva por 90 d\u00edas para Kevin Nahuel Merlo, acusado de golpear con una maza a su compa\u00f1ero de trabajo, Alexis Ibarra, a la salida de su jornada laboral.<\/p>\n\n\n\n<p>El hecho ocurri\u00f3 el 11 de marzo en una f\u00e1brica de tarimas de Naschel, cuando Merlo atac\u00f3 a Ibarra por la espalda, provoc\u00e1ndole desprendimiento de masa encef\u00e1lica y m\u00faltiples fracturas.<\/p>\n\n\n\n<p>El Ministerio P\u00fablico Fiscal, representado por el fiscal de Instrucci\u00f3n N\u00b0 1, Hugo Salazar Molina, y la fiscal Adjunta, Andrea Yamil Aguilar, solicit\u00f3 una prisi\u00f3n preventiva de 120 d\u00edas por el delito de \u201cTentativa de Homicidio calificado por alevos\u00eda\u201d. La querella, a cargo del abogado Esteban Busto Bridaroli, adhiri\u00f3 al pedido.<\/p>\n\n\n\n<p>La defensa de Merlo, representada por Orlando Villegas, present\u00f3 pruebas como un croquis del lugar, una videograbaci\u00f3n y un informe m\u00e9dico del Hospital Ram\u00f3n Carrillo, donde la v\u00edctima permanece internada en terapia intensiva. Adem\u00e1s, pidi\u00f3 reducir el plazo de la medida de coerci\u00f3n.<\/p>\n\n\n\n<p>Tras evaluar los argumentos, el juez Coppola estableci\u00f3 la prisi\u00f3n preventiva por 90 d\u00edas y dispuso el traslado de Merlo al Servicio Penitenciario Provincial.SL24<\/p>\n","protected":false},"excerpt":{"rendered":"<p>VECINOSDELINTERIOR.COM \/ 26 DE MARZO El Juzgado de Garant\u00eda N\u00b0 1 de la Tercera Circunscripci\u00f3n Judicial, a cargo de Nicol\u00e1s Dami\u00e1n Coppola, orden\u00f3 este martes la prisi\u00f3n preventiva por 90 d\u00edas para Kevin Nahuel Merlo, acusado de golpear con una maza a su compa\u00f1ero de trabajo, Alexis Ibarra, a la salida de su jornada laboral. [&hellip;]<\/p>\n","protected":false},"author":1,"featured_media":4176,"comment_status":"open","ping_status":"open","sticky":false,"template":"","format":"standard","meta":{"footnotes":""},"categories":[91],"tags":[213],"class_list":["post-4175","post","type-post","status-publish","format-standard","has-post-thumbnail","hentry","category-naschel","tag-policial"],"_links":{"self":[{"href":"https:\/\/vecinosdelinterior.com\/index.php\/wp-json\/wp\/v2\/posts\/4175","targetHints":{"allow":["GET"]}}],"collection":[{"href":"https:\/\/vecinosdelinterior.com\/index.php\/wp-json\/wp\/v2\/posts"}],"about":[{"href":"https:\/\/vecinosdelinterior.com\/index.php\/wp-json\/wp\/v2\/types\/post"}],"author":[{"embeddable":true,"href":"https:\/\/vecinosdelinterior.com\/index.php\/wp-json\/wp\/v2\/users\/1"}],"replies":[{"embeddable":true,"href":"https:\/\/vecinosdelinterior.com\/index.php\/wp-json\/wp\/v2\/comments?post=4175"}],"version-history":[{"count":1,"href":"https:\/\/vecinosdelinterior.com\/index.php\/wp-json\/wp\/v2\/posts\/4175\/revisions"}],"predecessor-version":[{"id":4177,"href":"https:\/\/vecinosdelinterior.com\/index.php\/wp-json\/wp\/v2\/posts\/4175\/revisions\/4177"}],"wp:featuredmedia":[{"embeddable":true,"href":"https:\/\/vecinosdelinterior.com\/index.php\/wp-json\/wp\/v2\/media\/4176"}],"wp:attachment":[{"href":"https:\/\/vecinosdelinterior.com\/index.php\/wp-json\/wp\/v2\/media?parent=4175"}],"wp:term":[{"taxonomy":"category","embeddable":true,"href":"https:\/\/vecinosdelinterior.com\/index.php\/wp-json\/wp\/v2\/categories?post=4175"},{"taxonomy":"post_tag","embeddable":true,"href":"https:\/\/vecinosdelinterior.com\/index.php\/wp-json\/wp\/v2\/tags?post=4175"}],"curies":[{"name":"wp","href":"https:\/\/api.w.org\/{rel}","templated":true}]}}