{"id":4178,"date":"2025-03-26T12:15:00","date_gmt":"2025-03-26T15:15:00","guid":{"rendered":"https:\/\/vecinosdelinterior.com\/?p=4178"},"modified":"2025-03-26T12:19:26","modified_gmt":"2025-03-26T15:19:26","slug":"un-hombre-resulto-herido-tras-el-vuelco-de-un-automovil-en-la-ruta-nacional-146","status":"publish","type":"post","link":"https:\/\/vecinosdelinterior.com\/index.php\/2025\/03\/26\/un-hombre-resulto-herido-tras-el-vuelco-de-un-automovil-en-la-ruta-nacional-146\/","title":{"rendered":"Un hombre result\u00f3 herido tras el vuelco de un autom\u00f3vil en la ruta nacional 146"},"content":{"rendered":"\n<p>Desde la Comisar\u00eda Distrito 46 informaron que este martes, alrededor de las 17:00, se produjo un accidente a la altura del kil\u00f3metro 152 de la ruta nacional 146, entre la localidad de Beazley y la ciudad de San Luis.<br>Un hombre de 53 a\u00f1os de edad que circulaba en un autom\u00f3vil Renault Symbol -de sur a norte-, perdi\u00f3 el control del veh\u00edculo y volc\u00f3, quedando el mismo a un costado de la banquina derecha, en ese sector de la mencionada ruta.<br>Al lugar acudi\u00f3 personal m\u00e9dico en una ambulancia del Sempro, quienes le brindaron las primeras asistencias al conductor.<br>Posteriormente, el hombre fue trasladado hacia el Hospital Central \u201cDr. Ram\u00f3n Carrillo\u201d.<br>De acuerdo a la informaci\u00f3n policial, tras recibir la atenci\u00f3n m\u00e9dica correspondiente, el individuo fue dado de alta. Adem\u00e1s, se inform\u00f3 que se le realiz\u00f3 el alcotest, arrojando resultado positivo.<\/p>\n\n\n\n<figure class=\"wp-block-gallery has-nested-images columns-default is-cropped wp-block-gallery-1 is-layout-flex wp-block-gallery-is-layout-flex\">\n<figure class=\"wp-block-image size-large\"><img fetchpriority=\"high\" decoding=\"async\" width=\"876\" height=\"632\" data-id=\"4179\" src=\"https:\/\/vecinosdelinterior.com\/wp-content\/uploads\/2025\/03\/486411046_518987304585294_5895888224126754570_n.jpg\" alt=\"\" class=\"wp-image-4179\" srcset=\"https:\/\/vecinosdelinterior.com\/wp-content\/uploads\/2025\/03\/486411046_518987304585294_5895888224126754570_n.jpg 876w, https:\/\/vecinosdelinterior.com\/wp-content\/uploads\/2025\/03\/486411046_518987304585294_5895888224126754570_n-300x216.jpg 300w, https:\/\/vecinosdelinterior.com\/wp-content\/uploads\/2025\/03\/486411046_518987304585294_5895888224126754570_n-768x554.jpg 768w, https:\/\/vecinosdelinterior.com\/wp-content\/uploads\/2025\/03\/486411046_518987304585294_5895888224126754570_n-120x86.jpg 120w, https:\/\/vecinosdelinterior.com\/wp-content\/uploads\/2025\/03\/486411046_518987304585294_5895888224126754570_n-750x541.jpg 750w\" sizes=\"(max-width: 876px) 100vw, 876px\" \/><\/figure>\n\n\n\n<figure class=\"wp-block-image size-large\"><img decoding=\"async\" width=\"1024\" height=\"768\" data-id=\"4180\" src=\"https:\/\/vecinosdelinterior.com\/wp-content\/uploads\/2025\/03\/486518318_518987264585298_5628738400879339968_n-1024x768.jpg\" alt=\"\" class=\"wp-image-4180\" srcset=\"https:\/\/vecinosdelinterior.com\/wp-content\/uploads\/2025\/03\/486518318_518987264585298_5628738400879339968_n-1024x768.jpg 1024w, https:\/\/vecinosdelinterior.com\/wp-content\/uploads\/2025\/03\/486518318_518987264585298_5628738400879339968_n-300x225.jpg 300w, https:\/\/vecinosdelinterior.com\/wp-content\/uploads\/2025\/03\/486518318_518987264585298_5628738400879339968_n-768x576.jpg 768w, https:\/\/vecinosdelinterior.com\/wp-content\/uploads\/2025\/03\/486518318_518987264585298_5628738400879339968_n-1536x1152.jpg 1536w, https:\/\/vecinosdelinterior.com\/wp-content\/uploads\/2025\/03\/486518318_518987264585298_5628738400879339968_n-750x563.jpg 750w, https:\/\/vecinosdelinterior.com\/wp-content\/uploads\/2025\/03\/486518318_518987264585298_5628738400879339968_n-1140x855.jpg 1140w, https:\/\/vecinosdelinterior.com\/wp-content\/uploads\/2025\/03\/486518318_518987264585298_5628738400879339968_n.jpg 1600w\" sizes=\"(max-width: 1024px) 100vw, 1024px\" \/><\/figure>\n<\/figure>\n","protected":false},"excerpt":{"rendered":"<p>Desde la Comisar\u00eda Distrito 46 informaron que este martes, alrededor de las 17:00, se produjo un accidente a la altura del kil\u00f3metro 152 de la ruta nacional 146, entre la localidad de Beazley y la ciudad de San Luis.Un hombre de 53 a\u00f1os de edad que circulaba en un autom\u00f3vil Renault Symbol -de sur a [&hellip;]<\/p>\n","protected":false},"author":1,"featured_media":4180,"comment_status":"open","ping_status":"open","sticky":false,"template":"","format":"standard","meta":{"footnotes":""},"categories":[1],"tags":[],"class_list":["post-4178","post","type-post","status-publish","format-standard","has-post-thumbnail","hentry","category-blog"],"_links":{"self":[{"href":"https:\/\/vecinosdelinterior.com\/index.php\/wp-json\/wp\/v2\/posts\/4178","targetHints":{"allow":["GET"]}}],"collection":[{"href":"https:\/\/vecinosdelinterior.com\/index.php\/wp-json\/wp\/v2\/posts"}],"about":[{"href":"https:\/\/vecinosdelinterior.com\/index.php\/wp-json\/wp\/v2\/types\/post"}],"author":[{"embeddable":true,"href":"https:\/\/vecinosdelinterior.com\/index.php\/wp-json\/wp\/v2\/users\/1"}],"replies":[{"embeddable":true,"href":"https:\/\/vecinosdelinterior.com\/index.php\/wp-json\/wp\/v2\/comments?post=4178"}],"version-history":[{"count":1,"href":"https:\/\/vecinosdelinterior.com\/index.php\/wp-json\/wp\/v2\/posts\/4178\/revisions"}],"predecessor-version":[{"id":4181,"href":"https:\/\/vecinosdelinterior.com\/index.php\/wp-json\/wp\/v2\/posts\/4178\/revisions\/4181"}],"wp:featuredmedia":[{"embeddable":true,"href":"https:\/\/vecinosdelinterior.com\/index.php\/wp-json\/wp\/v2\/media\/4180"}],"wp:attachment":[{"href":"https:\/\/vecinosdelinterior.com\/index.php\/wp-json\/wp\/v2\/media?parent=4178"}],"wp:term":[{"taxonomy":"category","embeddable":true,"href":"https:\/\/vecinosdelinterior.com\/index.php\/wp-json\/wp\/v2\/categories?post=4178"},{"taxonomy":"post_tag","embeddable":true,"href":"https:\/\/vecinosdelinterior.com\/index.php\/wp-json\/wp\/v2\/tags?post=4178"}],"curies":[{"name":"wp","href":"https:\/\/api.w.org\/{rel}","templated":true}]}}