{"id":4182,"date":"2025-03-26T12:40:00","date_gmt":"2025-03-26T15:40:00","guid":{"rendered":"https:\/\/vecinosdelinterior.com\/?p=4182"},"modified":"2025-03-26T12:45:30","modified_gmt":"2025-03-26T15:45:30","slug":"merlo-toco-la-marcha-peronista-con-un-trombon-en-la-municipalidad-y-termino-demorado","status":"publish","type":"post","link":"https:\/\/vecinosdelinterior.com\/index.php\/2025\/03\/26\/merlo-toco-la-marcha-peronista-con-un-trombon-en-la-municipalidad-y-termino-demorado\/","title":{"rendered":"Merlo: toc\u00f3 la marcha peronista con un tromb\u00f3n en la Municipalidad y termin\u00f3 demorado"},"content":{"rendered":"\n<p>Un artista callejero ingres\u00f3 este martes por la ma\u00f1ana al edificio municipal de Villa de Merlo para reclamar que lo dejen trabajar. El m\u00fasico, de 25 a\u00f1os, toc\u00f3 la marcha peronista con un tromb\u00f3n dentro de la comuna y fue demorado por la Polic\u00eda.<br>El hecho ocurri\u00f3 cerca del mediod\u00eda. El joven protestaba porque, debido a una nueva ordenanza que regula el uso del espacio p\u00fablico, le impiden trabajar en la v\u00eda p\u00fablica.<br>De acuerdo al sitio El Corredor Noticias, \u201cel artista callejero se ganaba la vida en un sem\u00e1foro y se le imposibilit\u00f3 continuar con su actividad debido a la normativa local\u201d.<br>En un primer momento, el joven pidi\u00f3 ser atendido por un funcionario mientras tocaba el tromb\u00f3n. El secretario de Gobierno, Francisco \u201cPancho\u201d Oviedo, lo recibi\u00f3 y le ofreci\u00f3 pagarle el pasaje para que regresara a su lugar de origen, pero el manifestante se neg\u00f3.<\/p>\n\n\n\n<p>Mir\u00e1 los videos en nutra red social<\/p>\n\n\n\n<p><a href=\"https:\/\/www.facebook.com\/vecinosdelinterior\/posts\/pfbid02EnjTLMHCem245yyD4BpBQS2TpCXCp9jKmPNAjHWktt7K59yFuUr9xtThceXpad3Ml\">https:\/\/www.facebook.com\/vecinosdelinterior\/posts\/pfbid02EnjTLMHCem245yyD4BpBQS2TpCXCp9jKmPNAjHWktt7K59yFuUr9xtThceXpad3Ml<\/a><\/p>\n","protected":false},"excerpt":{"rendered":"<p>Un artista callejero ingres\u00f3 este martes por la ma\u00f1ana al edificio municipal de Villa de Merlo para reclamar que lo dejen trabajar. El m\u00fasico, de 25 a\u00f1os, toc\u00f3 la marcha peronista con un tromb\u00f3n dentro de la comuna y fue demorado por la Polic\u00eda.El hecho ocurri\u00f3 cerca del mediod\u00eda. El joven protestaba porque, debido a [&hellip;]<\/p>\n","protected":false},"author":1,"featured_media":4183,"comment_status":"open","ping_status":"open","sticky":false,"template":"","format":"standard","meta":{"footnotes":""},"categories":[1],"tags":[],"class_list":["post-4182","post","type-post","status-publish","format-standard","has-post-thumbnail","hentry","category-blog"],"_links":{"self":[{"href":"https:\/\/vecinosdelinterior.com\/index.php\/wp-json\/wp\/v2\/posts\/4182","targetHints":{"allow":["GET"]}}],"collection":[{"href":"https:\/\/vecinosdelinterior.com\/index.php\/wp-json\/wp\/v2\/posts"}],"about":[{"href":"https:\/\/vecinosdelinterior.com\/index.php\/wp-json\/wp\/v2\/types\/post"}],"author":[{"embeddable":true,"href":"https:\/\/vecinosdelinterior.com\/index.php\/wp-json\/wp\/v2\/users\/1"}],"replies":[{"embeddable":true,"href":"https:\/\/vecinosdelinterior.com\/index.php\/wp-json\/wp\/v2\/comments?post=4182"}],"version-history":[{"count":1,"href":"https:\/\/vecinosdelinterior.com\/index.php\/wp-json\/wp\/v2\/posts\/4182\/revisions"}],"predecessor-version":[{"id":4184,"href":"https:\/\/vecinosdelinterior.com\/index.php\/wp-json\/wp\/v2\/posts\/4182\/revisions\/4184"}],"wp:featuredmedia":[{"embeddable":true,"href":"https:\/\/vecinosdelinterior.com\/index.php\/wp-json\/wp\/v2\/media\/4183"}],"wp:attachment":[{"href":"https:\/\/vecinosdelinterior.com\/index.php\/wp-json\/wp\/v2\/media?parent=4182"}],"wp:term":[{"taxonomy":"category","embeddable":true,"href":"https:\/\/vecinosdelinterior.com\/index.php\/wp-json\/wp\/v2\/categories?post=4182"},{"taxonomy":"post_tag","embeddable":true,"href":"https:\/\/vecinosdelinterior.com\/index.php\/wp-json\/wp\/v2\/tags?post=4182"}],"curies":[{"name":"wp","href":"https:\/\/api.w.org\/{rel}","templated":true}]}}