{"id":4209,"date":"2025-03-28T08:56:00","date_gmt":"2025-03-28T11:56:00","guid":{"rendered":"https:\/\/vecinosdelinterior.com\/?p=4209"},"modified":"2025-03-28T21:57:29","modified_gmt":"2025-03-29T00:57:29","slug":"el-milagroso-senor-de-renca-fue-entronizado-en-la-base-marambio","status":"publish","type":"post","link":"https:\/\/vecinosdelinterior.com\/index.php\/2025\/03\/28\/el-milagroso-senor-de-renca-fue-entronizado-en-la-base-marambio\/","title":{"rendered":"El Milagroso Se\u00f1or de Renca fue entronizado en la Base Marambio"},"content":{"rendered":"\n<p><\/p>\n\n\n\n<p>Una r\u00e9plica del Cristo de Renca, una de las im\u00e1genes religiosas m\u00e1s emblem\u00e1ticas de San Luis, fue entronizada en la Base Marambio de la Ant\u00e1rtida, marcando un hito para la provincia y para la localidad que cada a\u00f1o recibe a miles de fieles en su festividad patronal.<\/p>\n\n\n\n<p>El Cristo de Renca es una de las im\u00e1genes religiosas m\u00e1s emblem\u00e1ticas de San Luis.<br>Desde la oficina de prensa del municipio de Renca informaron que fue un viaje intenso donde hubo demoras por razones clim\u00e1ticas, pilotos y meteor\u00f3logos trabajaron para permitirles arribar a destino, el mi\u00e9rcoles 26 a las 3:45. El traslado de la comitiva renque\u00f1a que portaba la imagen del Cristo de Renca, parti\u00f3 en un avi\u00f3n H\u00e9rcules desde R\u00edo Gallegos hasta la Base Marambio en la Ant\u00e1rtida. 7:10 aterrizaron y permanecieron 45 minutos, tiempo en que pudieron cumplir con la misi\u00f3n de Entronizar la imagen de Nuestro Se\u00f1or de Renca en la capilla que se encuentra en la base. La misi\u00f3n que traslad\u00f3 la imagen fue encabezada por la intendenta de Renca, Romina Peralta.<\/p>\n\n\n\n<p>Al arribo los integrantes de la comisi\u00f3n fueron recibidos por el jefe de Base Marambio, vicecomodoro Manuel Dar\u00edo Casta\u00f1o quien agradeci\u00f3 recibir la imagen, \u201cuna contenci\u00f3n necesaria para ellos que llevan adelante una misi\u00f3n patri\u00f3tica y sentida como es estar en el fin del mundo\u201d.<\/p>\n\n\n\n<p>Durante la entronizaci\u00f3n de la imagen en la capilla Nuestra Se\u00f1ora de Luj\u00e1n, se llev\u00f3 a cabo la firma de un libro de acta que deja constancia de cada una de las im\u00e1genes del Divino se\u00f1or de Renca que se han distribuido en distintos lugares del mundo, la primera entregada a su Santidad el Papa Francisco en Marzo del 2019, la segunda imagen entregada en Renca de Chile en Abril del 2024 y esta tercera imagen dejada en un lugar tan significativo para los argentinos como lo es Base Marambio en la Ant\u00e1rtida.<\/p>\n\n\n\n<p>Se dejaron tambi\u00e9n estampitas de la imagen con su historia escrita para que cada uno de los que habita la base conozca al Cristo de Renca. \u201cCreemos fervientemente que debemos misionar con su imagen y hacer propagar por todos los rincones la fe hacia \u00e9l\u201d, sostuvieron en el acto de entronizaci\u00f3n los integrantes de la comitiva que traslad\u00f3 al Cristo de Renca.<\/p>\n","protected":false},"excerpt":{"rendered":"<p>Una r\u00e9plica del Cristo de Renca, una de las im\u00e1genes religiosas m\u00e1s emblem\u00e1ticas de San Luis, fue entronizada en la Base Marambio de la Ant\u00e1rtida, marcando un hito para la provincia y para la localidad que cada a\u00f1o recibe a miles de fieles en su festividad patronal. El Cristo de Renca es una de las [&hellip;]<\/p>\n","protected":false},"author":1,"featured_media":4210,"comment_status":"open","ping_status":"open","sticky":false,"template":"","format":"standard","meta":{"footnotes":""},"categories":[29,220],"tags":[],"class_list":["post-4209","post","type-post","status-publish","format-standard","has-post-thumbnail","hentry","category-chacabuco","category-renca"],"_links":{"self":[{"href":"https:\/\/vecinosdelinterior.com\/index.php\/wp-json\/wp\/v2\/posts\/4209","targetHints":{"allow":["GET"]}}],"collection":[{"href":"https:\/\/vecinosdelinterior.com\/index.php\/wp-json\/wp\/v2\/posts"}],"about":[{"href":"https:\/\/vecinosdelinterior.com\/index.php\/wp-json\/wp\/v2\/types\/post"}],"author":[{"embeddable":true,"href":"https:\/\/vecinosdelinterior.com\/index.php\/wp-json\/wp\/v2\/users\/1"}],"replies":[{"embeddable":true,"href":"https:\/\/vecinosdelinterior.com\/index.php\/wp-json\/wp\/v2\/comments?post=4209"}],"version-history":[{"count":1,"href":"https:\/\/vecinosdelinterior.com\/index.php\/wp-json\/wp\/v2\/posts\/4209\/revisions"}],"predecessor-version":[{"id":4211,"href":"https:\/\/vecinosdelinterior.com\/index.php\/wp-json\/wp\/v2\/posts\/4209\/revisions\/4211"}],"wp:featuredmedia":[{"embeddable":true,"href":"https:\/\/vecinosdelinterior.com\/index.php\/wp-json\/wp\/v2\/media\/4210"}],"wp:attachment":[{"href":"https:\/\/vecinosdelinterior.com\/index.php\/wp-json\/wp\/v2\/media?parent=4209"}],"wp:term":[{"taxonomy":"category","embeddable":true,"href":"https:\/\/vecinosdelinterior.com\/index.php\/wp-json\/wp\/v2\/categories?post=4209"},{"taxonomy":"post_tag","embeddable":true,"href":"https:\/\/vecinosdelinterior.com\/index.php\/wp-json\/wp\/v2\/tags?post=4209"}],"curies":[{"name":"wp","href":"https:\/\/api.w.org\/{rel}","templated":true}]}}