{"id":4223,"date":"2025-03-31T08:33:38","date_gmt":"2025-03-31T11:33:38","guid":{"rendered":"https:\/\/vecinosdelinterior.com\/?p=4223"},"modified":"2025-03-31T08:33:38","modified_gmt":"2025-03-31T11:33:38","slug":"desvalijan-centro-de-equinoterapia-en-san-francisco-del-monte-de-oro","status":"publish","type":"post","link":"https:\/\/vecinosdelinterior.com\/index.php\/2025\/03\/31\/desvalijan-centro-de-equinoterapia-en-san-francisco-del-monte-de-oro\/","title":{"rendered":"Desvalijan centro de equinoterapia en San Francisco del Monte de Oro"},"content":{"rendered":"\n<p>vecinosdelinterior.com \/ 31 de marzo<br>Un centro de equinoterapia de San Francisco del Monte de Oro fue v\u00edctima de un cuantioso robo y actos de vandalismo entre la noche del viernes y la madrugada del s\u00e1bado.<br>\u00abCuando llegu\u00e9 para dar mi primer turno de clases, a las 8:00, nos encontramos con todo esto, realmente lamentable para toda la comunidad de Campo Chico: el port\u00f3n estaba roto, los candados destruidos, el cierre perimetral abierto, y dentro, en el aula, rompieron la puerta y se llevaron todo\u00bb, relat\u00f3 Camila Rodr\u00edguez Correia, directora e instructora de equinoterapia y equitaci\u00f3n del centro h\u00edpico.<br>Los ladrones se apoderaron de herramientas de trabajo, monturas, cascos, chalecos y materiales did\u00e1cticos que utilizan diariamente con los alumnos, adem\u00e1s de otros elementos.<br>No conformes con esto, los delincuentes tambi\u00e9n destruyeron los cuadernillos de actividades de los alumnos y l\u00e1pices, y arrancaron el pizarr\u00f3n de la pared.<br>Tambi\u00e9n robaron a \u2018Nube\u2019, una yegua adiestrada para equinoterapia, que, por suerte, las autoridades del centro lograron encontrar a dos kil\u00f3metros de la escuela<\/p>\n","protected":false},"excerpt":{"rendered":"<p>vecinosdelinterior.com \/ 31 de marzoUn centro de equinoterapia de San Francisco del Monte de Oro fue v\u00edctima de un cuantioso robo y actos de vandalismo entre la noche del viernes y la madrugada del s\u00e1bado.\u00abCuando llegu\u00e9 para dar mi primer turno de clases, a las 8:00, nos encontramos con todo esto, realmente lamentable para toda [&hellip;]<\/p>\n","protected":false},"author":1,"featured_media":4224,"comment_status":"open","ping_status":"open","sticky":false,"template":"","format":"standard","meta":{"footnotes":""},"categories":[8,9],"tags":[],"class_list":["post-4223","post","type-post","status-publish","format-standard","has-post-thumbnail","hentry","category-ayacucho","category-san-francisco"],"_links":{"self":[{"href":"https:\/\/vecinosdelinterior.com\/index.php\/wp-json\/wp\/v2\/posts\/4223","targetHints":{"allow":["GET"]}}],"collection":[{"href":"https:\/\/vecinosdelinterior.com\/index.php\/wp-json\/wp\/v2\/posts"}],"about":[{"href":"https:\/\/vecinosdelinterior.com\/index.php\/wp-json\/wp\/v2\/types\/post"}],"author":[{"embeddable":true,"href":"https:\/\/vecinosdelinterior.com\/index.php\/wp-json\/wp\/v2\/users\/1"}],"replies":[{"embeddable":true,"href":"https:\/\/vecinosdelinterior.com\/index.php\/wp-json\/wp\/v2\/comments?post=4223"}],"version-history":[{"count":1,"href":"https:\/\/vecinosdelinterior.com\/index.php\/wp-json\/wp\/v2\/posts\/4223\/revisions"}],"predecessor-version":[{"id":4225,"href":"https:\/\/vecinosdelinterior.com\/index.php\/wp-json\/wp\/v2\/posts\/4223\/revisions\/4225"}],"wp:featuredmedia":[{"embeddable":true,"href":"https:\/\/vecinosdelinterior.com\/index.php\/wp-json\/wp\/v2\/media\/4224"}],"wp:attachment":[{"href":"https:\/\/vecinosdelinterior.com\/index.php\/wp-json\/wp\/v2\/media?parent=4223"}],"wp:term":[{"taxonomy":"category","embeddable":true,"href":"https:\/\/vecinosdelinterior.com\/index.php\/wp-json\/wp\/v2\/categories?post=4223"},{"taxonomy":"post_tag","embeddable":true,"href":"https:\/\/vecinosdelinterior.com\/index.php\/wp-json\/wp\/v2\/tags?post=4223"}],"curies":[{"name":"wp","href":"https:\/\/api.w.org\/{rel}","templated":true}]}}