{"id":4227,"date":"2025-04-02T01:06:00","date_gmt":"2025-04-02T04:06:00","guid":{"rendered":"https:\/\/vecinosdelinterior.com\/?p=4227"},"modified":"2025-04-02T13:07:37","modified_gmt":"2025-04-02T16:07:37","slug":"familias-que-sufren-desde-hace-una-semana-la-falta-de-agua","status":"publish","type":"post","link":"https:\/\/vecinosdelinterior.com\/index.php\/2025\/04\/02\/familias-que-sufren-desde-hace-una-semana-la-falta-de-agua\/","title":{"rendered":"Familias que sufren desde hace una semana la falta de agua"},"content":{"rendered":"\n<p><\/p>\n\n\n\n<p>Las m\u00e1s de 30 familias que residen en el paraje El Cha\u00f1ar, situado en cercan\u00edas de la gran cruz que est\u00e1 en el ingreso a Villa de la Quebrada por ruta nacional 146, desde hace una semana que no cuentan con agua. Al parecer, un m\u00e1quina topadora rompi\u00f3 el ca\u00f1o que le provee este servicio desde el Acueducto Huascara y los reclamos que han realizado a\u00fan no tienen respuesta.<\/p>\n\n\n\n<p>Por ese motivo, los vecinos y vecinas han apelado a los medios de comunicaci\u00f3n para hacer p\u00fablico este inconveniente. Precisamente una mujer que se identific\u00f3 como Ana se comunic\u00f3 con FM Lafinur para pedir que alguien los ayude a encontrar una soluci\u00f3n.<\/p>\n\n\n\n<p>Si bien el agua que les llega es cruda, es decir que no est\u00e1 potabilizada, les permite usarla para diferentes tareas del hogar, entre ellos la higiene, y darle de beber a los animales de granja que tienen. \u201cLos vecinos que tienen veh\u00edculo van a buscar agua para consumo a Nogol\u00ed. El resto que no puede hacerlo, la hierve para poder consumirla\u201d, explic\u00f3.<\/p>\n\n\n\n<p>Pero a una semana del corte, como ya se les est\u00e1n agotando los peque\u00f1os reservorios que tienen, entre ellos algunas piletas de lona, es que les entr\u00f3 la desesperaci\u00f3n por la falta de reacci\u00f3n o preocupaci\u00f3n de los responsables de San Luis Agua y de la Intendencia de Villa de la Quebrada.<br>EDDLR<\/p>\n","protected":false},"excerpt":{"rendered":"<p>Las m\u00e1s de 30 familias que residen en el paraje El Cha\u00f1ar, situado en cercan\u00edas de la gran cruz que est\u00e1 en el ingreso a Villa de la Quebrada por ruta nacional 146, desde hace una semana que no cuentan con agua. Al parecer, un m\u00e1quina topadora rompi\u00f3 el ca\u00f1o que le provee este servicio [&hellip;]<\/p>\n","protected":false},"author":1,"featured_media":4228,"comment_status":"open","ping_status":"open","sticky":false,"template":"","format":"standard","meta":{"footnotes":""},"categories":[92],"tags":[],"class_list":["post-4227","post","type-post","status-publish","format-standard","has-post-thumbnail","hentry","category-belgrano"],"_links":{"self":[{"href":"https:\/\/vecinosdelinterior.com\/index.php\/wp-json\/wp\/v2\/posts\/4227","targetHints":{"allow":["GET"]}}],"collection":[{"href":"https:\/\/vecinosdelinterior.com\/index.php\/wp-json\/wp\/v2\/posts"}],"about":[{"href":"https:\/\/vecinosdelinterior.com\/index.php\/wp-json\/wp\/v2\/types\/post"}],"author":[{"embeddable":true,"href":"https:\/\/vecinosdelinterior.com\/index.php\/wp-json\/wp\/v2\/users\/1"}],"replies":[{"embeddable":true,"href":"https:\/\/vecinosdelinterior.com\/index.php\/wp-json\/wp\/v2\/comments?post=4227"}],"version-history":[{"count":1,"href":"https:\/\/vecinosdelinterior.com\/index.php\/wp-json\/wp\/v2\/posts\/4227\/revisions"}],"predecessor-version":[{"id":4229,"href":"https:\/\/vecinosdelinterior.com\/index.php\/wp-json\/wp\/v2\/posts\/4227\/revisions\/4229"}],"wp:featuredmedia":[{"embeddable":true,"href":"https:\/\/vecinosdelinterior.com\/index.php\/wp-json\/wp\/v2\/media\/4228"}],"wp:attachment":[{"href":"https:\/\/vecinosdelinterior.com\/index.php\/wp-json\/wp\/v2\/media?parent=4227"}],"wp:term":[{"taxonomy":"category","embeddable":true,"href":"https:\/\/vecinosdelinterior.com\/index.php\/wp-json\/wp\/v2\/categories?post=4227"},{"taxonomy":"post_tag","embeddable":true,"href":"https:\/\/vecinosdelinterior.com\/index.php\/wp-json\/wp\/v2\/tags?post=4227"}],"curies":[{"name":"wp","href":"https:\/\/api.w.org\/{rel}","templated":true}]}}