{"id":4251,"date":"2025-04-05T11:20:00","date_gmt":"2025-04-05T14:20:00","guid":{"rendered":"https:\/\/vecinosdelinterior.com\/?p=4251"},"modified":"2025-04-05T11:25:31","modified_gmt":"2025-04-05T14:25:31","slug":"bomberos-de-san-francisco-del-monte-de-oro-mejoran-su-equipamiento-con-un-camion-cisterna","status":"publish","type":"post","link":"https:\/\/vecinosdelinterior.com\/index.php\/2025\/04\/05\/bomberos-de-san-francisco-del-monte-de-oro-mejoran-su-equipamiento-con-un-camion-cisterna\/","title":{"rendered":"Bomberos de San Francisco del Monte de Oro, mejoran su equipamiento con un cami\u00f3n cisterna"},"content":{"rendered":"\n<p>vecinosdelinterior.com \/ 05 de abril<br>Bomberos de San Francisco recibieron el cami\u00f3n cisterna proveniente de B\u00e9lgica que pasar\u00e1 a formar parte de la instituci\u00f3n.<br>La donaci\u00f3n fue recibida anoche con entusiasmo por los vecinos de San Francisco del Monte de Oro, quienes acompa\u00f1aron a los bomberos voluntarios que recibieron a la nueva unidad con una emotiva caravana por las calles del pueblo.<br>Este cami\u00f3n potenciar\u00e1 la capacidad de respuesta y abastecimiento de los bomberos en sus tareas.<\/p>\n\n\n\n<figure class=\"wp-block-gallery has-nested-images columns-default is-cropped wp-block-gallery-1 is-layout-flex wp-block-gallery-is-layout-flex\">\n<figure class=\"wp-block-image size-large\"><img fetchpriority=\"high\" decoding=\"async\" width=\"1024\" height=\"768\" data-id=\"4252\" src=\"https:\/\/vecinosdelinterior.com\/wp-content\/uploads\/2025\/04\/487983563_17903238060114861_3540388404381117528_n-1024x768.jpg\" alt=\"\" class=\"wp-image-4252\" srcset=\"https:\/\/vecinosdelinterior.com\/wp-content\/uploads\/2025\/04\/487983563_17903238060114861_3540388404381117528_n-1024x768.jpg 1024w, https:\/\/vecinosdelinterior.com\/wp-content\/uploads\/2025\/04\/487983563_17903238060114861_3540388404381117528_n-300x225.jpg 300w, https:\/\/vecinosdelinterior.com\/wp-content\/uploads\/2025\/04\/487983563_17903238060114861_3540388404381117528_n-768x576.jpg 768w, https:\/\/vecinosdelinterior.com\/wp-content\/uploads\/2025\/04\/487983563_17903238060114861_3540388404381117528_n-750x563.jpg 750w, https:\/\/vecinosdelinterior.com\/wp-content\/uploads\/2025\/04\/487983563_17903238060114861_3540388404381117528_n-1140x855.jpg 1140w, https:\/\/vecinosdelinterior.com\/wp-content\/uploads\/2025\/04\/487983563_17903238060114861_3540388404381117528_n.jpg 1440w\" sizes=\"(max-width: 1024px) 100vw, 1024px\" \/><\/figure>\n\n\n\n<figure class=\"wp-block-image size-large\"><img decoding=\"async\" width=\"1024\" height=\"768\" data-id=\"4253\" src=\"https:\/\/vecinosdelinterior.com\/wp-content\/uploads\/2025\/04\/488598515_17903238039114861_2201359069355827714_n-1024x768.jpg\" alt=\"\" class=\"wp-image-4253\" srcset=\"https:\/\/vecinosdelinterior.com\/wp-content\/uploads\/2025\/04\/488598515_17903238039114861_2201359069355827714_n-1024x768.jpg 1024w, https:\/\/vecinosdelinterior.com\/wp-content\/uploads\/2025\/04\/488598515_17903238039114861_2201359069355827714_n-300x225.jpg 300w, https:\/\/vecinosdelinterior.com\/wp-content\/uploads\/2025\/04\/488598515_17903238039114861_2201359069355827714_n-768x576.jpg 768w, https:\/\/vecinosdelinterior.com\/wp-content\/uploads\/2025\/04\/488598515_17903238039114861_2201359069355827714_n-750x563.jpg 750w, https:\/\/vecinosdelinterior.com\/wp-content\/uploads\/2025\/04\/488598515_17903238039114861_2201359069355827714_n-1140x855.jpg 1140w, https:\/\/vecinosdelinterior.com\/wp-content\/uploads\/2025\/04\/488598515_17903238039114861_2201359069355827714_n.jpg 1440w\" sizes=\"(max-width: 1024px) 100vw, 1024px\" \/><\/figure>\n\n\n\n<figure class=\"wp-block-image size-large\"><img decoding=\"async\" width=\"1024\" height=\"768\" data-id=\"4255\" src=\"https:\/\/vecinosdelinterior.com\/wp-content\/uploads\/2025\/04\/489336220_17903238030114861_1956491032753559660_n-1024x768.jpg\" alt=\"\" class=\"wp-image-4255\" srcset=\"https:\/\/vecinosdelinterior.com\/wp-content\/uploads\/2025\/04\/489336220_17903238030114861_1956491032753559660_n-1024x768.jpg 1024w, https:\/\/vecinosdelinterior.com\/wp-content\/uploads\/2025\/04\/489336220_17903238030114861_1956491032753559660_n-300x225.jpg 300w, https:\/\/vecinosdelinterior.com\/wp-content\/uploads\/2025\/04\/489336220_17903238030114861_1956491032753559660_n-768x576.jpg 768w, https:\/\/vecinosdelinterior.com\/wp-content\/uploads\/2025\/04\/489336220_17903238030114861_1956491032753559660_n-750x563.jpg 750w, https:\/\/vecinosdelinterior.com\/wp-content\/uploads\/2025\/04\/489336220_17903238030114861_1956491032753559660_n-1140x855.jpg 1140w, https:\/\/vecinosdelinterior.com\/wp-content\/uploads\/2025\/04\/489336220_17903238030114861_1956491032753559660_n.jpg 1440w\" sizes=\"(max-width: 1024px) 100vw, 1024px\" \/><\/figure>\n\n\n\n<figure class=\"wp-block-image size-large\"><img loading=\"lazy\" decoding=\"async\" width=\"1024\" height=\"768\" data-id=\"4254\" src=\"https:\/\/vecinosdelinterior.com\/wp-content\/uploads\/2025\/04\/488790964_17903237991114861_2258253596491140429_n-1024x768.jpg\" alt=\"\" class=\"wp-image-4254\" srcset=\"https:\/\/vecinosdelinterior.com\/wp-content\/uploads\/2025\/04\/488790964_17903237991114861_2258253596491140429_n-1024x768.jpg 1024w, https:\/\/vecinosdelinterior.com\/wp-content\/uploads\/2025\/04\/488790964_17903237991114861_2258253596491140429_n-300x225.jpg 300w, https:\/\/vecinosdelinterior.com\/wp-content\/uploads\/2025\/04\/488790964_17903237991114861_2258253596491140429_n-768x576.jpg 768w, https:\/\/vecinosdelinterior.com\/wp-content\/uploads\/2025\/04\/488790964_17903237991114861_2258253596491140429_n-750x563.jpg 750w, https:\/\/vecinosdelinterior.com\/wp-content\/uploads\/2025\/04\/488790964_17903237991114861_2258253596491140429_n-1140x855.jpg 1140w, https:\/\/vecinosdelinterior.com\/wp-content\/uploads\/2025\/04\/488790964_17903237991114861_2258253596491140429_n.jpg 1440w\" sizes=\"(max-width: 1024px) 100vw, 1024px\" \/><\/figure>\n<\/figure>\n\n\n\n<p><br>Fotos: Municipalidad de San Francisco del Monte de Oro<\/p>\n","protected":false},"excerpt":{"rendered":"<p>vecinosdelinterior.com \/ 05 de abrilBomberos de San Francisco recibieron el cami\u00f3n cisterna proveniente de B\u00e9lgica que pasar\u00e1 a formar parte de la instituci\u00f3n.La donaci\u00f3n fue recibida anoche con entusiasmo por los vecinos de San Francisco del Monte de Oro, quienes acompa\u00f1aron a los bomberos voluntarios que recibieron a la nueva unidad con una emotiva caravana [&hellip;]<\/p>\n","protected":false},"author":1,"featured_media":4255,"comment_status":"open","ping_status":"open","sticky":false,"template":"","format":"standard","meta":{"footnotes":""},"categories":[8,9],"tags":[],"class_list":["post-4251","post","type-post","status-publish","format-standard","has-post-thumbnail","hentry","category-ayacucho","category-san-francisco"],"_links":{"self":[{"href":"https:\/\/vecinosdelinterior.com\/index.php\/wp-json\/wp\/v2\/posts\/4251","targetHints":{"allow":["GET"]}}],"collection":[{"href":"https:\/\/vecinosdelinterior.com\/index.php\/wp-json\/wp\/v2\/posts"}],"about":[{"href":"https:\/\/vecinosdelinterior.com\/index.php\/wp-json\/wp\/v2\/types\/post"}],"author":[{"embeddable":true,"href":"https:\/\/vecinosdelinterior.com\/index.php\/wp-json\/wp\/v2\/users\/1"}],"replies":[{"embeddable":true,"href":"https:\/\/vecinosdelinterior.com\/index.php\/wp-json\/wp\/v2\/comments?post=4251"}],"version-history":[{"count":1,"href":"https:\/\/vecinosdelinterior.com\/index.php\/wp-json\/wp\/v2\/posts\/4251\/revisions"}],"predecessor-version":[{"id":4256,"href":"https:\/\/vecinosdelinterior.com\/index.php\/wp-json\/wp\/v2\/posts\/4251\/revisions\/4256"}],"wp:featuredmedia":[{"embeddable":true,"href":"https:\/\/vecinosdelinterior.com\/index.php\/wp-json\/wp\/v2\/media\/4255"}],"wp:attachment":[{"href":"https:\/\/vecinosdelinterior.com\/index.php\/wp-json\/wp\/v2\/media?parent=4251"}],"wp:term":[{"taxonomy":"category","embeddable":true,"href":"https:\/\/vecinosdelinterior.com\/index.php\/wp-json\/wp\/v2\/categories?post=4251"},{"taxonomy":"post_tag","embeddable":true,"href":"https:\/\/vecinosdelinterior.com\/index.php\/wp-json\/wp\/v2\/tags?post=4251"}],"curies":[{"name":"wp","href":"https:\/\/api.w.org\/{rel}","templated":true}]}}