{"id":4286,"date":"2025-04-08T07:40:00","date_gmt":"2025-04-08T10:40:00","guid":{"rendered":"https:\/\/vecinosdelinterior.com\/?p=4286"},"modified":"2025-04-09T11:41:33","modified_gmt":"2025-04-09T14:41:33","slug":"buena-esperanza-operativo-municipal-en-barrio-norte","status":"publish","type":"post","link":"https:\/\/vecinosdelinterior.com\/index.php\/2025\/04\/08\/buena-esperanza-operativo-municipal-en-barrio-norte\/","title":{"rendered":"Buena Esperanza: operativo municipal en Barrio Norte"},"content":{"rendered":"\n<p>vecinosdelinterior.com \/ 08 de abril<br>Este mi\u00e9rcoles 9 de abril de 8 a 12 hs te esperamos en la Plaza Fabi\u00e1n Borello para compartir una ma\u00f1ana diferente:<br>\ud83d\udeddPuesta en valor de la plaza, espacio de informaci\u00f3n deportiva, acci\u00f3n social, becas y tr\u00e1mites.<br>\ud83d\udcaa\ud83c\udffbSumate a esta movida con amigos, en familia o con quien quieras\u2026 \u00a1y disfrut\u00e1 de un rico desayuno!<br>\ud83e\udd0dEstamos donde m\u00e1s se nos necesita: cerca tuyo, construyendo futuro.<br>Fuente: Municipalidad de Buena Esperanza<\/p>\n\n\n\n<figure class=\"wp-block-image size-full\"><img fetchpriority=\"high\" decoding=\"async\" width=\"526\" height=\"526\" src=\"https:\/\/vecinosdelinterior.com\/wp-content\/uploads\/2025\/04\/489511049_529417486875609_7433748217937068293_n.jpg\" alt=\"\" class=\"wp-image-4287\" srcset=\"https:\/\/vecinosdelinterior.com\/wp-content\/uploads\/2025\/04\/489511049_529417486875609_7433748217937068293_n.jpg 526w, https:\/\/vecinosdelinterior.com\/wp-content\/uploads\/2025\/04\/489511049_529417486875609_7433748217937068293_n-300x300.jpg 300w, https:\/\/vecinosdelinterior.com\/wp-content\/uploads\/2025\/04\/489511049_529417486875609_7433748217937068293_n-150x150.jpg 150w, https:\/\/vecinosdelinterior.com\/wp-content\/uploads\/2025\/04\/489511049_529417486875609_7433748217937068293_n-75x75.jpg 75w\" sizes=\"(max-width: 526px) 100vw, 526px\" \/><\/figure>\n","protected":false},"excerpt":{"rendered":"<p>vecinosdelinterior.com \/ 08 de abrilEste mi\u00e9rcoles 9 de abril de 8 a 12 hs te esperamos en la Plaza Fabi\u00e1n Borello para compartir una ma\u00f1ana diferente:\ud83d\udeddPuesta en valor de la plaza, espacio de informaci\u00f3n deportiva, acci\u00f3n social, becas y tr\u00e1mites.\ud83d\udcaa\ud83c\udffbSumate a esta movida con amigos, en familia o con quien quieras\u2026 \u00a1y disfrut\u00e1 de un [&hellip;]<\/p>\n","protected":false},"author":1,"featured_media":4287,"comment_status":"open","ping_status":"open","sticky":false,"template":"","format":"standard","meta":{"footnotes":""},"categories":[18,16],"tags":[],"class_list":["post-4286","post","type-post","status-publish","format-standard","has-post-thumbnail","hentry","category-buena-esperanza-dupuy","category-dupuy"],"_links":{"self":[{"href":"https:\/\/vecinosdelinterior.com\/index.php\/wp-json\/wp\/v2\/posts\/4286","targetHints":{"allow":["GET"]}}],"collection":[{"href":"https:\/\/vecinosdelinterior.com\/index.php\/wp-json\/wp\/v2\/posts"}],"about":[{"href":"https:\/\/vecinosdelinterior.com\/index.php\/wp-json\/wp\/v2\/types\/post"}],"author":[{"embeddable":true,"href":"https:\/\/vecinosdelinterior.com\/index.php\/wp-json\/wp\/v2\/users\/1"}],"replies":[{"embeddable":true,"href":"https:\/\/vecinosdelinterior.com\/index.php\/wp-json\/wp\/v2\/comments?post=4286"}],"version-history":[{"count":1,"href":"https:\/\/vecinosdelinterior.com\/index.php\/wp-json\/wp\/v2\/posts\/4286\/revisions"}],"predecessor-version":[{"id":4288,"href":"https:\/\/vecinosdelinterior.com\/index.php\/wp-json\/wp\/v2\/posts\/4286\/revisions\/4288"}],"wp:featuredmedia":[{"embeddable":true,"href":"https:\/\/vecinosdelinterior.com\/index.php\/wp-json\/wp\/v2\/media\/4287"}],"wp:attachment":[{"href":"https:\/\/vecinosdelinterior.com\/index.php\/wp-json\/wp\/v2\/media?parent=4286"}],"wp:term":[{"taxonomy":"category","embeddable":true,"href":"https:\/\/vecinosdelinterior.com\/index.php\/wp-json\/wp\/v2\/categories?post=4286"},{"taxonomy":"post_tag","embeddable":true,"href":"https:\/\/vecinosdelinterior.com\/index.php\/wp-json\/wp\/v2\/tags?post=4286"}],"curies":[{"name":"wp","href":"https:\/\/api.w.org\/{rel}","templated":true}]}}