{"id":4307,"date":"2025-04-12T14:05:38","date_gmt":"2025-04-12T17:05:38","guid":{"rendered":"https:\/\/vecinosdelinterior.com\/?p=4307"},"modified":"2025-04-12T14:05:39","modified_gmt":"2025-04-12T17:05:39","slug":"juan-jorba-celebra-96-anos-desde-su-fundacion","status":"publish","type":"post","link":"https:\/\/vecinosdelinterior.com\/index.php\/2025\/04\/12\/juan-jorba-celebra-96-anos-desde-su-fundacion\/","title":{"rendered":"Juan Jorba celebra 96 a\u00f1os desde su fundaci\u00f3n"},"content":{"rendered":"\n<p>vecinosdelinterior.com \/ 11 de abril<br>El pueblo de fe tiene agrupaciones gauchas, academias y talleres de danzas centinelas que concentran una tradici\u00f3n milenaria, como lo son las destrezas criollas. Sus platos t\u00edpicos presentan una gastronom\u00eda \u00fanica, mientras que el trabajo de los artesanos forjan la identidad de un poblado con sue\u00f1os y costumbres propias. Le debe su nombre a un colono catal\u00e1n que impuls\u00f3 el progreso en la provincia de San Luis.<\/p>\n\n\n\n<figure class=\"wp-block-gallery has-nested-images columns-default is-cropped wp-block-gallery-1 is-layout-flex wp-block-gallery-is-layout-flex\">\n<figure class=\"wp-block-image size-large\"><img fetchpriority=\"high\" decoding=\"async\" width=\"500\" height=\"412\" data-id=\"4308\" src=\"https:\/\/vecinosdelinterior.com\/wp-content\/uploads\/2025\/04\/490114164_532010226616335_7737026038455605565_n.jpg\" alt=\"\" class=\"wp-image-4308\" srcset=\"https:\/\/vecinosdelinterior.com\/wp-content\/uploads\/2025\/04\/490114164_532010226616335_7737026038455605565_n.jpg 500w, https:\/\/vecinosdelinterior.com\/wp-content\/uploads\/2025\/04\/490114164_532010226616335_7737026038455605565_n-300x247.jpg 300w\" sizes=\"(max-width: 500px) 100vw, 500px\" \/><\/figure>\n\n\n\n<figure class=\"wp-block-image size-large\"><img decoding=\"async\" width=\"740\" height=\"500\" data-id=\"4309\" src=\"https:\/\/vecinosdelinterior.com\/wp-content\/uploads\/2025\/04\/490902708_532010239949667_6859870329239329656_n.jpg\" alt=\"\" class=\"wp-image-4309\" srcset=\"https:\/\/vecinosdelinterior.com\/wp-content\/uploads\/2025\/04\/490902708_532010239949667_6859870329239329656_n.jpg 740w, https:\/\/vecinosdelinterior.com\/wp-content\/uploads\/2025\/04\/490902708_532010239949667_6859870329239329656_n-300x203.jpg 300w\" sizes=\"(max-width: 740px) 100vw, 740px\" \/><\/figure>\n<\/figure>\n\n\n\n<p><br>Este fin de semana, los vecinos de Juan Jorba, situado en el departamento Pedernera, celebrar\u00e1n un aniversario m\u00e1s de su fundaci\u00f3n con fiestas patronales en honor a Nuestra Se\u00f1ora del Valle. Conocida como el Portal de la Costa de los Comechingones, la peque\u00f1a localidad se ubica en la intersecci\u00f3n de ruta provincial N\u00b01 y la nacional N\u00b08. La actividad econ\u00f3mica regional est\u00e1 vinculada a la agroindustria, con plantas de tratamiento de cereales, acopio y elaboraci\u00f3n de balanceados.<br>A m\u00e1s de 110 kil\u00f3metros de la capital puntana, Juan Jorba atesora algunos signos y reliquias arquitect\u00f3nicas que todav\u00eda narran su pasado. Tiene una estaci\u00f3n, un galp\u00f3n de ferrocarril, estafeta postal y un almac\u00e9n de ramos generales que lograron resistir no solo al paso del tiempo sino tambi\u00e9n a las erosiones de la zona, emplazada en la Cuenca del Morro, donde habitan m\u00e1s de 50 familias que realizan actividades agr\u00edcolas y ganaderas, principalmente vinculadas a la soja, el ma\u00edz, el girasol y la producci\u00f3n porcina.<\/p>\n\n\n\n<figure class=\"wp-block-image size-full\"><img decoding=\"async\" width=\"740\" height=\"500\" src=\"https:\/\/vecinosdelinterior.com\/wp-content\/uploads\/2025\/04\/490068261_532010259949665_8299532083427801925_n.jpg\" alt=\"\" class=\"wp-image-4310\" srcset=\"https:\/\/vecinosdelinterior.com\/wp-content\/uploads\/2025\/04\/490068261_532010259949665_8299532083427801925_n.jpg 740w, https:\/\/vecinosdelinterior.com\/wp-content\/uploads\/2025\/04\/490068261_532010259949665_8299532083427801925_n-300x203.jpg 300w\" sizes=\"(max-width: 740px) 100vw, 740px\" \/><\/figure>\n\n\n\n<p><br>En los comienzos, incluso antes de que se extendieran las v\u00edas el tren y progresara la antigua poblaci\u00f3n que duplicaba a la actual, este territorio era un f\u00e9rtil bosque de cald\u00e9n, donde adem\u00e1s hab\u00eda incontables vizcacheras y vegetales como el chamico y un sinf\u00edn de rosales, seg\u00fan detall\u00f3 el historiador Jes\u00fas Liberato Tobares en su libro \u2018Toponimia Sanluise\u00f1a\u2019.<br>Hoy, el horizonte es diferente: Juan Jorba aspira a convertirse en una zona estrat\u00e9gica por su potencial log\u00edstico. A\u00fan as\u00ed, no ha perdido su atracci\u00f3n por la yerra, alrededor del asado, y las guitarras entre corrales, como tambi\u00e9n el encanto de sus bailes populares.<br>Cuenta con parcelas amplias, asadores con parrilla, sombrillas y una completa proveedur\u00eda. Asimismo, dispone de ba\u00f1os, ducha y un espacio para limpiar de ropa. La pileta semi ol\u00edmpica, rodeado de un entorno natural que cuenta con una extensa arboleda y tranquilidad, constituye otro punto de inter\u00e9s para visitantes.<\/p>\n","protected":false},"excerpt":{"rendered":"<p>vecinosdelinterior.com \/ 11 de abrilEl pueblo de fe tiene agrupaciones gauchas, academias y talleres de danzas centinelas que concentran una tradici\u00f3n milenaria, como lo son las destrezas criollas. Sus platos t\u00edpicos presentan una gastronom\u00eda \u00fanica, mientras que el trabajo de los artesanos forjan la identidad de un poblado con sue\u00f1os y costumbres propias. Le debe [&hellip;]<\/p>\n","protected":false},"author":1,"featured_media":4310,"comment_status":"open","ping_status":"open","sticky":false,"template":"","format":"standard","meta":{"footnotes":""},"categories":[240,98],"tags":[],"class_list":["post-4307","post","type-post","status-publish","format-standard","has-post-thumbnail","hentry","category-juan-jorba","category-pedernera"],"_links":{"self":[{"href":"https:\/\/vecinosdelinterior.com\/index.php\/wp-json\/wp\/v2\/posts\/4307","targetHints":{"allow":["GET"]}}],"collection":[{"href":"https:\/\/vecinosdelinterior.com\/index.php\/wp-json\/wp\/v2\/posts"}],"about":[{"href":"https:\/\/vecinosdelinterior.com\/index.php\/wp-json\/wp\/v2\/types\/post"}],"author":[{"embeddable":true,"href":"https:\/\/vecinosdelinterior.com\/index.php\/wp-json\/wp\/v2\/users\/1"}],"replies":[{"embeddable":true,"href":"https:\/\/vecinosdelinterior.com\/index.php\/wp-json\/wp\/v2\/comments?post=4307"}],"version-history":[{"count":1,"href":"https:\/\/vecinosdelinterior.com\/index.php\/wp-json\/wp\/v2\/posts\/4307\/revisions"}],"predecessor-version":[{"id":4311,"href":"https:\/\/vecinosdelinterior.com\/index.php\/wp-json\/wp\/v2\/posts\/4307\/revisions\/4311"}],"wp:featuredmedia":[{"embeddable":true,"href":"https:\/\/vecinosdelinterior.com\/index.php\/wp-json\/wp\/v2\/media\/4310"}],"wp:attachment":[{"href":"https:\/\/vecinosdelinterior.com\/index.php\/wp-json\/wp\/v2\/media?parent=4307"}],"wp:term":[{"taxonomy":"category","embeddable":true,"href":"https:\/\/vecinosdelinterior.com\/index.php\/wp-json\/wp\/v2\/categories?post=4307"},{"taxonomy":"post_tag","embeddable":true,"href":"https:\/\/vecinosdelinterior.com\/index.php\/wp-json\/wp\/v2\/tags?post=4307"}],"curies":[{"name":"wp","href":"https:\/\/api.w.org\/{rel}","templated":true}]}}