{"id":4321,"date":"2025-04-12T14:09:38","date_gmt":"2025-04-12T17:09:38","guid":{"rendered":"https:\/\/vecinosdelinterior.com\/?p=4321"},"modified":"2025-04-12T14:09:38","modified_gmt":"2025-04-12T17:09:38","slug":"en-semana-santa-merlo-ofrece-a-los-visitantes-un-viaje-al-alma","status":"publish","type":"post","link":"https:\/\/vecinosdelinterior.com\/index.php\/2025\/04\/12\/en-semana-santa-merlo-ofrece-a-los-visitantes-un-viaje-al-alma\/","title":{"rendered":"En Semana Santa, Merlo ofrece a los visitantes un viaje al alma"},"content":{"rendered":"\n<p>vecinosdelinterior.com \/ 12 de abril<br>El fin de semana largo de Pascuas la villa tur\u00edstica recibir\u00e1 a los turistas y viajeros de la provincia y el pa\u00eds con un sinf\u00edn de propuestas para todas las edades, para vivir momentos de cercana y profunda espiritualidad en un marco de belleza natural \u00fanica.<br>Para Semana Santa, el arte, la espiritualidad, la cultura, naturaleza y la exquisita gastronom\u00eda serrana proponen una experiencia \u00fanica en la villa de Merlo.<br>Desde este viernes hasta el s\u00e1bado 19 se realizar\u00e1n exposiciones, talleres, m\u00fasica en vivo, cocina tradicional, visitas guiadas, festivales y encuentros de distintas expresiones religiosas para reflexionar, compartir y reconectar con lo esencial de la vida.<\/p>\n\n\n\n<figure class=\"wp-block-gallery has-nested-images columns-default is-cropped wp-block-gallery-1 is-layout-flex wp-block-gallery-is-layout-flex\">\n<figure class=\"wp-block-image size-large\"><img fetchpriority=\"high\" decoding=\"async\" width=\"1024\" height=\"686\" data-id=\"4323\" src=\"https:\/\/vecinosdelinterior.com\/wp-content\/uploads\/2025\/04\/490380652_532574036559954_3928249394787644428_n-1024x686.jpg\" alt=\"\" class=\"wp-image-4323\" srcset=\"https:\/\/vecinosdelinterior.com\/wp-content\/uploads\/2025\/04\/490380652_532574036559954_3928249394787644428_n-1024x686.jpg 1024w, https:\/\/vecinosdelinterior.com\/wp-content\/uploads\/2025\/04\/490380652_532574036559954_3928249394787644428_n-300x201.jpg 300w, https:\/\/vecinosdelinterior.com\/wp-content\/uploads\/2025\/04\/490380652_532574036559954_3928249394787644428_n-768x514.jpg 768w, https:\/\/vecinosdelinterior.com\/wp-content\/uploads\/2025\/04\/490380652_532574036559954_3928249394787644428_n-750x502.jpg 750w, https:\/\/vecinosdelinterior.com\/wp-content\/uploads\/2025\/04\/490380652_532574036559954_3928249394787644428_n-1140x763.jpg 1140w, https:\/\/vecinosdelinterior.com\/wp-content\/uploads\/2025\/04\/490380652_532574036559954_3928249394787644428_n.jpg 1417w\" sizes=\"(max-width: 1024px) 100vw, 1024px\" \/><\/figure>\n\n\n\n<figure class=\"wp-block-image size-large\"><img decoding=\"async\" width=\"520\" height=\"520\" data-id=\"4322\" src=\"https:\/\/vecinosdelinterior.com\/wp-content\/uploads\/2025\/04\/490472671_532573999893291_978528353213996222_n.jpg\" alt=\"\" class=\"wp-image-4322\" srcset=\"https:\/\/vecinosdelinterior.com\/wp-content\/uploads\/2025\/04\/490472671_532573999893291_978528353213996222_n.jpg 520w, https:\/\/vecinosdelinterior.com\/wp-content\/uploads\/2025\/04\/490472671_532573999893291_978528353213996222_n-300x300.jpg 300w, https:\/\/vecinosdelinterior.com\/wp-content\/uploads\/2025\/04\/490472671_532573999893291_978528353213996222_n-150x150.jpg 150w, https:\/\/vecinosdelinterior.com\/wp-content\/uploads\/2025\/04\/490472671_532573999893291_978528353213996222_n-75x75.jpg 75w\" sizes=\"(max-width: 520px) 100vw, 520px\" \/><\/figure>\n<\/figure>\n\n\n\n<p><br>Las actividades programadas comenzar\u00e1n el viernes 11 a las 19:00 con la inauguraci\u00f3n de la exposici\u00f3n \u2018Arte Sacro Latinoamericano\u2019 de Dolores Mendieta en la Casa Museo Palmira Scrosoppi. Se puede visitar hasta el 2 de mayo.<br>El lunes 14 a las 20:00 se har\u00e1 la apertura de la muestra \u2018Ser, hacer y renacer\u2019 de Laura Blanco y el Grupo L-Barte, en la Casa del Bicentenario.<br>El martes 15, en la Casa del Poeta, a las 18:00 se har\u00e1 la presentaci\u00f3n del libro \u2018Padre Pablo Tissera\u2019 de Guillermo Di Menna.<br>El jueves 17, de 16:00 a 18:00, se realizar\u00e1 el Taller gratuito de pintura: motivos florales y mandalas, y a las 19:00, la apertura de comercios del Mercado Merlino de Productores con espect\u00e1culos musicales en la Casa del Bicentenario y la ex terminal vieja.<br>El viernes 18 a las 15:00, se concretar\u00e1 la reinauguraci\u00f3n del V\u00eda Crucis Martorano en Piedra Blanca Arriba. De 16:00 a 19:00, en la Reserva del Viejo Molino, se llevar\u00e1 adelante el Taller gratuito de pintura bot\u00e1nica o de paisaje.<br>El s\u00e1bado 19, desde las 10:00, se concretar\u00e1 una visita guiada gratuita al Circuito de Turismo Religioso, con punto de encuentro en la Plaza Sobremonte.<br>De 16:00 a 18:00 se dictar\u00e1 el Taller de dibujo de aves y se har\u00e1 la presentaci\u00f3n final del mural mosaico en la Casa del Bicentenario. Y a las 18:00 se realizar\u00e1 el Encuentro Fraternal por la Paz, con m\u00fasica, danza y coros en Plaza Sobremonte. Participar\u00e1n el Grupo Origen (danza contempor\u00e1nea), Lyra y Orfeo, la Banda Coro de la Iglesia Cristiana Portal del Cielo.<\/p>\n\n\n\n<figure class=\"wp-block-gallery has-nested-images columns-default is-cropped wp-block-gallery-2 is-layout-flex wp-block-gallery-is-layout-flex\">\n<figure class=\"wp-block-image size-large\"><img decoding=\"async\" width=\"1024\" height=\"683\" data-id=\"4325\" src=\"https:\/\/vecinosdelinterior.com\/wp-content\/uploads\/2025\/04\/490655752_532574023226622_3680357532645143196_n-1024x683.jpg\" alt=\"\" class=\"wp-image-4325\" srcset=\"https:\/\/vecinosdelinterior.com\/wp-content\/uploads\/2025\/04\/490655752_532574023226622_3680357532645143196_n-1024x683.jpg 1024w, https:\/\/vecinosdelinterior.com\/wp-content\/uploads\/2025\/04\/490655752_532574023226622_3680357532645143196_n-300x200.jpg 300w, https:\/\/vecinosdelinterior.com\/wp-content\/uploads\/2025\/04\/490655752_532574023226622_3680357532645143196_n-768x512.jpg 768w, https:\/\/vecinosdelinterior.com\/wp-content\/uploads\/2025\/04\/490655752_532574023226622_3680357532645143196_n-1536x1024.jpg 1536w, https:\/\/vecinosdelinterior.com\/wp-content\/uploads\/2025\/04\/490655752_532574023226622_3680357532645143196_n-750x500.jpg 750w, https:\/\/vecinosdelinterior.com\/wp-content\/uploads\/2025\/04\/490655752_532574023226622_3680357532645143196_n-1140x760.jpg 1140w, https:\/\/vecinosdelinterior.com\/wp-content\/uploads\/2025\/04\/490655752_532574023226622_3680357532645143196_n.jpg 1600w\" sizes=\"(max-width: 1024px) 100vw, 1024px\" \/><\/figure>\n\n\n\n<figure class=\"wp-block-image size-large\"><img loading=\"lazy\" decoding=\"async\" width=\"500\" height=\"412\" data-id=\"4324\" src=\"https:\/\/vecinosdelinterior.com\/wp-content\/uploads\/2025\/04\/490592298_532573913226633_4340377295997270834_n.jpg\" alt=\"\" class=\"wp-image-4324\" srcset=\"https:\/\/vecinosdelinterior.com\/wp-content\/uploads\/2025\/04\/490592298_532573913226633_4340377295997270834_n.jpg 500w, https:\/\/vecinosdelinterior.com\/wp-content\/uploads\/2025\/04\/490592298_532573913226633_4340377295997270834_n-300x247.jpg 300w\" sizes=\"(max-width: 500px) 100vw, 500px\" \/><\/figure>\n<\/figure>\n\n\n\n<p><br>Desde las 19:00 se realizar\u00e1 el 2\u00b0 Festival de Arte, Sabores y M\u00fasica. Habr\u00e1 cocina en vivo, degustaciones, chocolater\u00eda, actividades infantiles y m\u00fasica en la Casa Museo Palmira Scrosoppi.<br>En simult\u00e1neo, en la Iglesia Nueva Apost\u00f3lica (avenida El Cipr\u00e9s 214) se desarrollar\u00e1 la Muestra Coral de Pascua.<br>Otras actividades<br>Visita a la V\u00eda Mariana, un circuito auto guiado por distintos barrios de la Villa, donde se puede observar im\u00e1genes de la Virgen en una propuesta que conecta historia, arte y espiritualidad.<br>Espacios culturales<br>Museo Lolma: jueves a s\u00e1bado, de 09:00 a 13:00 y de 15:00 a 18:00 (Piedra Blanca Abajo).<br>Casa del Bicentenario: jueves a s\u00e1bado, de 10:00 a 19:00 (Piedra Blanca Abajo).<br>Casa Museo Palmira Scrosoppi: jueves a s\u00e1bado, de 09:00 a 20:00 (avenida del Sol 872).<br>Casa del Poeta: jueves a domingo, de 08:00 a 13:00 y de 16:00 a 21:00.<br>Museo Kurteff: jueves a s\u00e1bado, de 10:00 a 18:00 (avenida de los C\u00e9sares 2370).<br>Paseo de Artesanos: todos los d\u00edas, de 19:00 a 23:00 (casco hist\u00f3rico).<br>Mercado Merlino: de 09:00 a 13:00 y de 17:00 a 21:00 (casco hist\u00f3rico).<\/p>\n","protected":false},"excerpt":{"rendered":"<p>vecinosdelinterior.com \/ 12 de abrilEl fin de semana largo de Pascuas la villa tur\u00edstica recibir\u00e1 a los turistas y viajeros de la provincia y el pa\u00eds con un sinf\u00edn de propuestas para todas las edades, para vivir momentos de cercana y profunda espiritualidad en un marco de belleza natural \u00fanica.Para Semana Santa, el arte, la [&hellip;]<\/p>\n","protected":false},"author":1,"featured_media":4324,"comment_status":"open","ping_status":"open","sticky":false,"template":"","format":"standard","meta":{"footnotes":""},"categories":[23,73],"tags":[500,175],"class_list":["post-4321","post","type-post","status-publish","format-standard","has-post-thumbnail","hentry","category-junin","category-merlo","tag-conexion-san-luis","tag-turismo"],"_links":{"self":[{"href":"https:\/\/vecinosdelinterior.com\/index.php\/wp-json\/wp\/v2\/posts\/4321","targetHints":{"allow":["GET"]}}],"collection":[{"href":"https:\/\/vecinosdelinterior.com\/index.php\/wp-json\/wp\/v2\/posts"}],"about":[{"href":"https:\/\/vecinosdelinterior.com\/index.php\/wp-json\/wp\/v2\/types\/post"}],"author":[{"embeddable":true,"href":"https:\/\/vecinosdelinterior.com\/index.php\/wp-json\/wp\/v2\/users\/1"}],"replies":[{"embeddable":true,"href":"https:\/\/vecinosdelinterior.com\/index.php\/wp-json\/wp\/v2\/comments?post=4321"}],"version-history":[{"count":1,"href":"https:\/\/vecinosdelinterior.com\/index.php\/wp-json\/wp\/v2\/posts\/4321\/revisions"}],"predecessor-version":[{"id":4326,"href":"https:\/\/vecinosdelinterior.com\/index.php\/wp-json\/wp\/v2\/posts\/4321\/revisions\/4326"}],"wp:featuredmedia":[{"embeddable":true,"href":"https:\/\/vecinosdelinterior.com\/index.php\/wp-json\/wp\/v2\/media\/4324"}],"wp:attachment":[{"href":"https:\/\/vecinosdelinterior.com\/index.php\/wp-json\/wp\/v2\/media?parent=4321"}],"wp:term":[{"taxonomy":"category","embeddable":true,"href":"https:\/\/vecinosdelinterior.com\/index.php\/wp-json\/wp\/v2\/categories?post=4321"},{"taxonomy":"post_tag","embeddable":true,"href":"https:\/\/vecinosdelinterior.com\/index.php\/wp-json\/wp\/v2\/tags?post=4321"}],"curies":[{"name":"wp","href":"https:\/\/api.w.org\/{rel}","templated":true}]}}