{"id":4338,"date":"2025-04-15T09:27:07","date_gmt":"2025-04-15T12:27:07","guid":{"rendered":"https:\/\/vecinosdelinterior.com\/?p=4338"},"modified":"2025-04-16T09:28:37","modified_gmt":"2025-04-16T12:28:37","slug":"camino-san-francisco-la-carolina-quedo-obstruida-por-un-camion","status":"publish","type":"post","link":"https:\/\/vecinosdelinterior.com\/index.php\/2025\/04\/15\/camino-san-francisco-la-carolina-quedo-obstruida-por-un-camion\/","title":{"rendered":"Camino San Francisco \/ La Carolina qued\u00f3 obstruida por un cami\u00f3n"},"content":{"rendered":"\n<p>Vecinos del Interior Puntano \/ 15 de abril<br>Desde la Direcci\u00f3n General de Polic\u00eda Caminera y Seguridad Vial comunicaron que, desde las 12:30 horas de este martes 15 de abril, se encuentra cortada la ruta provincial 9, en el tramo ascendente que va desde la localidad de San Francisco del Monte de Oro hacia la localidad de La Carolina, debido a que un cami\u00f3n de gran porte (cuyo conductor sigui\u00f3 el GPS) ascendi\u00f3 el camino y no pudo continuar, quedando en ese sitio sin poder avanzar ni retroceder.<br>En el lugar se realizan los trabajos correspondientes para poder retirar el cami\u00f3n y despejar la ruta.<\/p>\n\n\n\n<p><\/p>\n","protected":false},"excerpt":{"rendered":"<p>Vecinos del Interior Puntano \/ 15 de abrilDesde la Direcci\u00f3n General de Polic\u00eda Caminera y Seguridad Vial comunicaron que, desde las 12:30 horas de este martes 15 de abril, se encuentra cortada la ruta provincial 9, en el tramo ascendente que va desde la localidad de San Francisco del Monte de Oro hacia la localidad [&hellip;]<\/p>\n","protected":false},"author":1,"featured_media":4339,"comment_status":"open","ping_status":"open","sticky":false,"template":"","format":"standard","meta":{"footnotes":""},"categories":[8,9],"tags":[],"class_list":["post-4338","post","type-post","status-publish","format-standard","has-post-thumbnail","hentry","category-ayacucho","category-san-francisco"],"_links":{"self":[{"href":"https:\/\/vecinosdelinterior.com\/index.php\/wp-json\/wp\/v2\/posts\/4338","targetHints":{"allow":["GET"]}}],"collection":[{"href":"https:\/\/vecinosdelinterior.com\/index.php\/wp-json\/wp\/v2\/posts"}],"about":[{"href":"https:\/\/vecinosdelinterior.com\/index.php\/wp-json\/wp\/v2\/types\/post"}],"author":[{"embeddable":true,"href":"https:\/\/vecinosdelinterior.com\/index.php\/wp-json\/wp\/v2\/users\/1"}],"replies":[{"embeddable":true,"href":"https:\/\/vecinosdelinterior.com\/index.php\/wp-json\/wp\/v2\/comments?post=4338"}],"version-history":[{"count":1,"href":"https:\/\/vecinosdelinterior.com\/index.php\/wp-json\/wp\/v2\/posts\/4338\/revisions"}],"predecessor-version":[{"id":4340,"href":"https:\/\/vecinosdelinterior.com\/index.php\/wp-json\/wp\/v2\/posts\/4338\/revisions\/4340"}],"wp:featuredmedia":[{"embeddable":true,"href":"https:\/\/vecinosdelinterior.com\/index.php\/wp-json\/wp\/v2\/media\/4339"}],"wp:attachment":[{"href":"https:\/\/vecinosdelinterior.com\/index.php\/wp-json\/wp\/v2\/media?parent=4338"}],"wp:term":[{"taxonomy":"category","embeddable":true,"href":"https:\/\/vecinosdelinterior.com\/index.php\/wp-json\/wp\/v2\/categories?post=4338"},{"taxonomy":"post_tag","embeddable":true,"href":"https:\/\/vecinosdelinterior.com\/index.php\/wp-json\/wp\/v2\/tags?post=4338"}],"curies":[{"name":"wp","href":"https:\/\/api.w.org\/{rel}","templated":true}]}}