{"id":4359,"date":"2025-04-21T07:59:16","date_gmt":"2025-04-21T10:59:16","guid":{"rendered":"https:\/\/vecinosdelinterior.com\/?p=4359"},"modified":"2025-04-21T07:59:17","modified_gmt":"2025-04-21T10:59:17","slug":"fallecio-el-papa-francisco","status":"publish","type":"post","link":"https:\/\/vecinosdelinterior.com\/index.php\/2025\/04\/21\/fallecio-el-papa-francisco\/","title":{"rendered":"Falleci\u00f3 el Papa Francisco"},"content":{"rendered":"\n<p>A los 88 a\u00f1os, luego de pelear incansablemente con su delicado estado de salud, falleci\u00f3 esta ma\u00f1ana Jorge Bergoglio, el Papa Francisco.<\/p>\n\n\n\n<p><a><\/a>Deja en su paso, un legado para toda la Iglesia Cat\u00f3lica con profundas transformaciones, y con una fuerte defensa de los m\u00e1s humildes, una apertura hacia los nuevos tiempos, y reformas internas que incluso le valieron fuertes resistencias.<\/p>\n\n\n\n<p>Inolvidable su impronta que seguramente perdurar\u00e1 a lo largo de los a\u00f1os de quien fuera el primer Papa del continente latinoamericano en toda la historia de la Iglesia Cat\u00f3lica, el Papa Argentino, el Papa de los m\u00e1s humildes.<\/p>\n","protected":false},"excerpt":{"rendered":"<p>A los 88 a\u00f1os, luego de pelear incansablemente con su delicado estado de salud, falleci\u00f3 esta ma\u00f1ana Jorge Bergoglio, el Papa Francisco. Deja en su paso, un legado para toda la Iglesia Cat\u00f3lica con profundas transformaciones, y con una fuerte defensa de los m\u00e1s humildes, una apertura hacia los nuevos tiempos, y reformas internas que [&hellip;]<\/p>\n","protected":false},"author":1,"featured_media":4360,"comment_status":"open","ping_status":"open","sticky":false,"template":"","format":"standard","meta":{"footnotes":""},"categories":[1],"tags":[],"class_list":["post-4359","post","type-post","status-publish","format-standard","has-post-thumbnail","hentry","category-blog"],"_links":{"self":[{"href":"https:\/\/vecinosdelinterior.com\/index.php\/wp-json\/wp\/v2\/posts\/4359","targetHints":{"allow":["GET"]}}],"collection":[{"href":"https:\/\/vecinosdelinterior.com\/index.php\/wp-json\/wp\/v2\/posts"}],"about":[{"href":"https:\/\/vecinosdelinterior.com\/index.php\/wp-json\/wp\/v2\/types\/post"}],"author":[{"embeddable":true,"href":"https:\/\/vecinosdelinterior.com\/index.php\/wp-json\/wp\/v2\/users\/1"}],"replies":[{"embeddable":true,"href":"https:\/\/vecinosdelinterior.com\/index.php\/wp-json\/wp\/v2\/comments?post=4359"}],"version-history":[{"count":1,"href":"https:\/\/vecinosdelinterior.com\/index.php\/wp-json\/wp\/v2\/posts\/4359\/revisions"}],"predecessor-version":[{"id":4361,"href":"https:\/\/vecinosdelinterior.com\/index.php\/wp-json\/wp\/v2\/posts\/4359\/revisions\/4361"}],"wp:featuredmedia":[{"embeddable":true,"href":"https:\/\/vecinosdelinterior.com\/index.php\/wp-json\/wp\/v2\/media\/4360"}],"wp:attachment":[{"href":"https:\/\/vecinosdelinterior.com\/index.php\/wp-json\/wp\/v2\/media?parent=4359"}],"wp:term":[{"taxonomy":"category","embeddable":true,"href":"https:\/\/vecinosdelinterior.com\/index.php\/wp-json\/wp\/v2\/categories?post=4359"},{"taxonomy":"post_tag","embeddable":true,"href":"https:\/\/vecinosdelinterior.com\/index.php\/wp-json\/wp\/v2\/tags?post=4359"}],"curies":[{"name":"wp","href":"https:\/\/api.w.org\/{rel}","templated":true}]}}