{"id":4401,"date":"2025-04-24T09:07:00","date_gmt":"2025-04-24T12:07:00","guid":{"rendered":"https:\/\/vecinosdelinterior.com\/?p=4401"},"modified":"2025-04-24T16:09:12","modified_gmt":"2025-04-24T19:09:12","slug":"san-francisco-campana-sumarte-castracion-y-vacunacion-masiva-de-mascotas","status":"publish","type":"post","link":"https:\/\/vecinosdelinterior.com\/index.php\/2025\/04\/24\/san-francisco-campana-sumarte-castracion-y-vacunacion-masiva-de-mascotas\/","title":{"rendered":"San Francisco: Campa\u00f1a SUMARTE. Castraci\u00f3n y vacunaci\u00f3n masiva de mascotas"},"content":{"rendered":"\n<p><br>Tres jornadas para sumar salud y compromiso cuidando tus mascotas.<br>\ud83d\udccc Vacunaci\u00f3n Antirr\u00e1bica<br>\ud83d\uddd3 Viernes 25 de abril<br>\ud83d\udccd Banda Norte<br>\ud83d\udd52 14 a 18 hs<br>\ud83d\udccc Entrega de Antiparasitarios<br>\ud83d\uddd3 S\u00e1bado 26 de abril<br>\ud83d\udccd Plaza Pringles<br>\ud83d\udd52 10 a 18 hs<br>\ud83d\udccc Castraci\u00f3n Masiva<br>\ud83d\uddd3 Domingo 27 de abril<br>\ud83d\udccd INTA<br>\ud83d\udd52 9 a 18 hs<br>\ud83d\udc49 Inscripci\u00f3n obligatoria previa<br>\ud83d\udcdd Inscribite para la castraci\u00f3n<br>\ud83d\uddd3 Del martes 22 al viernes 25<br>\ud83d\udccd Municipalidad de San Francisco<br>\ud83d\udd52 9 a 13 hs<br>\ud83d\udcc4 Requisito: DNI del titular<br>\ud83d\udcd2 En todas las actividades se entregar\u00e1n libretas sanitarias<br>\ud83d\udccc Preparaci\u00f3n prequir\u00fargica para castraci\u00f3n<br>\u2705 Ayuno s\u00f3lido: 12 hs<br>\u2705 Ayuno l\u00edquido: 6 hs<br>\u2705 Traer manta para abrigar<br>\u2705 Sin medicaci\u00f3n previa (salvo indicaci\u00f3n m\u00e9dica)<br>\u2705 Gatos: solo en mochilas cerradas o bolsas de red<br>\u2705 Perros: con collar y correa (sin excepci\u00f3n)<\/p>\n\n\n\n<figure class=\"wp-block-image size-large\"><img fetchpriority=\"high\" decoding=\"async\" width=\"819\" height=\"1024\" src=\"https:\/\/vecinosdelinterior.com\/wp-content\/uploads\/2025\/04\/492267835_541215112362513_6245997368281084028_n-819x1024.jpg\" alt=\"\" class=\"wp-image-4402\" srcset=\"https:\/\/vecinosdelinterior.com\/wp-content\/uploads\/2025\/04\/492267835_541215112362513_6245997368281084028_n-819x1024.jpg 819w, https:\/\/vecinosdelinterior.com\/wp-content\/uploads\/2025\/04\/492267835_541215112362513_6245997368281084028_n-240x300.jpg 240w, https:\/\/vecinosdelinterior.com\/wp-content\/uploads\/2025\/04\/492267835_541215112362513_6245997368281084028_n-768x960.jpg 768w, https:\/\/vecinosdelinterior.com\/wp-content\/uploads\/2025\/04\/492267835_541215112362513_6245997368281084028_n-1229x1536.jpg 1229w, https:\/\/vecinosdelinterior.com\/wp-content\/uploads\/2025\/04\/492267835_541215112362513_6245997368281084028_n-750x938.jpg 750w, https:\/\/vecinosdelinterior.com\/wp-content\/uploads\/2025\/04\/492267835_541215112362513_6245997368281084028_n-1140x1425.jpg 1140w, https:\/\/vecinosdelinterior.com\/wp-content\/uploads\/2025\/04\/492267835_541215112362513_6245997368281084028_n.jpg 1440w\" sizes=\"(max-width: 819px) 100vw, 819px\" \/><\/figure>\n","protected":false},"excerpt":{"rendered":"<p>Tres jornadas para sumar salud y compromiso cuidando tus mascotas.\ud83d\udccc Vacunaci\u00f3n Antirr\u00e1bica\ud83d\uddd3 Viernes 25 de abril\ud83d\udccd Banda Norte\ud83d\udd52 14 a 18 hs\ud83d\udccc Entrega de Antiparasitarios\ud83d\uddd3 S\u00e1bado 26 de abril\ud83d\udccd Plaza Pringles\ud83d\udd52 10 a 18 hs\ud83d\udccc Castraci\u00f3n Masiva\ud83d\uddd3 Domingo 27 de abril\ud83d\udccd INTA\ud83d\udd52 9 a 18 hs\ud83d\udc49 Inscripci\u00f3n obligatoria previa\ud83d\udcdd Inscribite para la castraci\u00f3n\ud83d\uddd3 Del martes [&hellip;]<\/p>\n","protected":false},"author":1,"featured_media":4402,"comment_status":"open","ping_status":"open","sticky":false,"template":"","format":"standard","meta":{"footnotes":""},"categories":[8,9],"tags":[],"class_list":["post-4401","post","type-post","status-publish","format-standard","has-post-thumbnail","hentry","category-ayacucho","category-san-francisco"],"_links":{"self":[{"href":"https:\/\/vecinosdelinterior.com\/index.php\/wp-json\/wp\/v2\/posts\/4401","targetHints":{"allow":["GET"]}}],"collection":[{"href":"https:\/\/vecinosdelinterior.com\/index.php\/wp-json\/wp\/v2\/posts"}],"about":[{"href":"https:\/\/vecinosdelinterior.com\/index.php\/wp-json\/wp\/v2\/types\/post"}],"author":[{"embeddable":true,"href":"https:\/\/vecinosdelinterior.com\/index.php\/wp-json\/wp\/v2\/users\/1"}],"replies":[{"embeddable":true,"href":"https:\/\/vecinosdelinterior.com\/index.php\/wp-json\/wp\/v2\/comments?post=4401"}],"version-history":[{"count":1,"href":"https:\/\/vecinosdelinterior.com\/index.php\/wp-json\/wp\/v2\/posts\/4401\/revisions"}],"predecessor-version":[{"id":4403,"href":"https:\/\/vecinosdelinterior.com\/index.php\/wp-json\/wp\/v2\/posts\/4401\/revisions\/4403"}],"wp:featuredmedia":[{"embeddable":true,"href":"https:\/\/vecinosdelinterior.com\/index.php\/wp-json\/wp\/v2\/media\/4402"}],"wp:attachment":[{"href":"https:\/\/vecinosdelinterior.com\/index.php\/wp-json\/wp\/v2\/media?parent=4401"}],"wp:term":[{"taxonomy":"category","embeddable":true,"href":"https:\/\/vecinosdelinterior.com\/index.php\/wp-json\/wp\/v2\/categories?post=4401"},{"taxonomy":"post_tag","embeddable":true,"href":"https:\/\/vecinosdelinterior.com\/index.php\/wp-json\/wp\/v2\/tags?post=4401"}],"curies":[{"name":"wp","href":"https:\/\/api.w.org\/{rel}","templated":true}]}}