{"id":4407,"date":"2025-04-24T19:33:11","date_gmt":"2025-04-24T22:33:11","guid":{"rendered":"https:\/\/vecinosdelinterior.com\/?p=4407"},"modified":"2025-04-24T19:42:27","modified_gmt":"2025-04-24T22:42:27","slug":"compromiso-con-la-verdadera-inclusion-laboral-de-personas-con-discapacidad","status":"publish","type":"post","link":"https:\/\/vecinosdelinterior.com\/index.php\/2025\/04\/24\/compromiso-con-la-verdadera-inclusion-laboral-de-personas-con-discapacidad\/","title":{"rendered":"Compromiso con la verdadera inclusi\u00f3n laboral de personas con discapacidad"},"content":{"rendered":"\n<p>Vecinosdelinterior.com \/ 24 de abril<br>Cuando parece que muchos deciden mirar hacia otro lado, hay quienes forjan iniciativas que pueden redundar en un beneficio importante para la comunidad, en especial para aquellos que tienen alg\u00fan tipo de discapacidad, y que muchas veces son invisibles en el contexto de la inclusi\u00f3n laboral.<\/p>\n\n\n\n<p><br>Es en ese \u00e1mbito, donde los senadores por el Departamento Chacabuco Hugo \u201cPepe\u201d Olgu\u00edn y por el Departamento Dupuy Sergio Moreira, ambos del Bloque Justicialista, trabajan de lleno en la tem\u00e1tica, junto a referentes de APTS (Asociaci\u00f3n de Profesionales y T\u00e9cnicos de Salud), y de ATE (Asociaci\u00f3n de Trabajadores del Estado), sumando adem\u00e1s a ONG y organizaciones que est\u00e1n involucrados con el tema.<\/p>\n\n\n\n<figure class=\"wp-block-gallery has-nested-images columns-default is-cropped wp-block-gallery-1 is-layout-flex wp-block-gallery-is-layout-flex\">\n<figure class=\"wp-block-image size-large\"><img fetchpriority=\"high\" decoding=\"async\" width=\"1024\" height=\"535\" data-id=\"4410\" src=\"https:\/\/vecinosdelinterior.com\/wp-content\/uploads\/2025\/04\/491445606_18135969643404865_1897052410382724095_n-1024x535.jpg\" alt=\"\" class=\"wp-image-4410\" srcset=\"https:\/\/vecinosdelinterior.com\/wp-content\/uploads\/2025\/04\/491445606_18135969643404865_1897052410382724095_n-1024x535.jpg 1024w, https:\/\/vecinosdelinterior.com\/wp-content\/uploads\/2025\/04\/491445606_18135969643404865_1897052410382724095_n-300x157.jpg 300w, https:\/\/vecinosdelinterior.com\/wp-content\/uploads\/2025\/04\/491445606_18135969643404865_1897052410382724095_n-768x402.jpg 768w, https:\/\/vecinosdelinterior.com\/wp-content\/uploads\/2025\/04\/491445606_18135969643404865_1897052410382724095_n-750x392.jpg 750w, https:\/\/vecinosdelinterior.com\/wp-content\/uploads\/2025\/04\/491445606_18135969643404865_1897052410382724095_n-1140x596.jpg 1140w, https:\/\/vecinosdelinterior.com\/wp-content\/uploads\/2025\/04\/491445606_18135969643404865_1897052410382724095_n.jpg 1440w\" sizes=\"(max-width: 1024px) 100vw, 1024px\" \/><\/figure>\n<\/figure>\n\n\n\n<p><br>Han sido diversas reuniones, en algunas de las cuales tambi\u00e9n se sumaron desde la Secretar\u00eda de Discapacidad del Gobierno provincial.<br>Este proyecto de ley busca generar las posibilidades para que la inclusi\u00f3n laboral, a quienes poseen discapacidad, sea real y beneficie a la empresa que toma personal con esta premisa.<br>\u201cSe trata de promover la inclusi\u00f3n laboral de personas con discapacidad en la provincia incentivando la contrataci\u00f3n de estas personas mediante beneficios fiscales para las empresas\u201d, resalta el senador Olgu\u00edn. Y agrega que con este proyecto se incluye a todas las empresas, instituciones u organismos que desarrollen actividades econ\u00f3micas dentro del territorio provincial. Pudiendo obtener beneficios fiscales, seg\u00fan el porcentaje de inclusi\u00f3n alcanzado, que van desde el 25% hasta el 50% de reducci\u00f3n en el Impuesto sobre los Ingresos Brutos.<\/p>\n\n\n\n<figure class=\"wp-block-gallery has-nested-images columns-default is-cropped wp-block-gallery-2 is-layout-flex wp-block-gallery-is-layout-flex\">\n<figure class=\"wp-block-image size-large\"><img decoding=\"async\" width=\"1024\" height=\"539\" data-id=\"4409\" src=\"https:\/\/vecinosdelinterior.com\/wp-content\/uploads\/2025\/04\/490415737_18135969661404865_996265685645713126_n-1-1024x539.jpg\" alt=\"\" class=\"wp-image-4409\" srcset=\"https:\/\/vecinosdelinterior.com\/wp-content\/uploads\/2025\/04\/490415737_18135969661404865_996265685645713126_n-1-1024x539.jpg 1024w, https:\/\/vecinosdelinterior.com\/wp-content\/uploads\/2025\/04\/490415737_18135969661404865_996265685645713126_n-1-300x158.jpg 300w, https:\/\/vecinosdelinterior.com\/wp-content\/uploads\/2025\/04\/490415737_18135969661404865_996265685645713126_n-1-768x404.jpg 768w, https:\/\/vecinosdelinterior.com\/wp-content\/uploads\/2025\/04\/490415737_18135969661404865_996265685645713126_n-1-750x395.jpg 750w, https:\/\/vecinosdelinterior.com\/wp-content\/uploads\/2025\/04\/490415737_18135969661404865_996265685645713126_n-1-1140x600.jpg 1140w, https:\/\/vecinosdelinterior.com\/wp-content\/uploads\/2025\/04\/490415737_18135969661404865_996265685645713126_n-1.jpg 1440w\" sizes=\"(max-width: 1024px) 100vw, 1024px\" \/><\/figure>\n\n\n\n<figure class=\"wp-block-image size-large\"><img decoding=\"async\" width=\"1024\" height=\"539\" data-id=\"4411\" src=\"https:\/\/vecinosdelinterior.com\/wp-content\/uploads\/2025\/04\/491443350_18135969670404865_5969880056618426215_n-1024x539.jpg\" alt=\"\" class=\"wp-image-4411\" srcset=\"https:\/\/vecinosdelinterior.com\/wp-content\/uploads\/2025\/04\/491443350_18135969670404865_5969880056618426215_n-1024x539.jpg 1024w, https:\/\/vecinosdelinterior.com\/wp-content\/uploads\/2025\/04\/491443350_18135969670404865_5969880056618426215_n-300x158.jpg 300w, https:\/\/vecinosdelinterior.com\/wp-content\/uploads\/2025\/04\/491443350_18135969670404865_5969880056618426215_n-768x404.jpg 768w, https:\/\/vecinosdelinterior.com\/wp-content\/uploads\/2025\/04\/491443350_18135969670404865_5969880056618426215_n-750x395.jpg 750w, https:\/\/vecinosdelinterior.com\/wp-content\/uploads\/2025\/04\/491443350_18135969670404865_5969880056618426215_n-1140x600.jpg 1140w, https:\/\/vecinosdelinterior.com\/wp-content\/uploads\/2025\/04\/491443350_18135969670404865_5969880056618426215_n.jpg 1440w\" sizes=\"(max-width: 1024px) 100vw, 1024px\" \/><\/figure>\n<\/figure>\n\n\n\n<p>El proyecto suma adhesiones y seguramente se ir\u00e1 trabajando y ser\u00e1 ley, luego que tome estado legislativo y se trate en el recinto entre los legisladores.<\/p>\n\n\n\n<p><\/p>\n","protected":false},"excerpt":{"rendered":"<p>Vecinosdelinterior.com \/ 24 de abrilCuando parece que muchos deciden mirar hacia otro lado, hay quienes forjan iniciativas que pueden redundar en un beneficio importante para la comunidad, en especial para aquellos que tienen alg\u00fan tipo de discapacidad, y que muchas veces son invisibles en el contexto de la inclusi\u00f3n laboral. Es en ese \u00e1mbito, donde [&hellip;]<\/p>\n","protected":false},"author":1,"featured_media":4408,"comment_status":"open","ping_status":"open","sticky":false,"template":"","format":"standard","meta":{"footnotes":""},"categories":[1],"tags":[],"class_list":["post-4407","post","type-post","status-publish","format-standard","has-post-thumbnail","hentry","category-blog"],"_links":{"self":[{"href":"https:\/\/vecinosdelinterior.com\/index.php\/wp-json\/wp\/v2\/posts\/4407","targetHints":{"allow":["GET"]}}],"collection":[{"href":"https:\/\/vecinosdelinterior.com\/index.php\/wp-json\/wp\/v2\/posts"}],"about":[{"href":"https:\/\/vecinosdelinterior.com\/index.php\/wp-json\/wp\/v2\/types\/post"}],"author":[{"embeddable":true,"href":"https:\/\/vecinosdelinterior.com\/index.php\/wp-json\/wp\/v2\/users\/1"}],"replies":[{"embeddable":true,"href":"https:\/\/vecinosdelinterior.com\/index.php\/wp-json\/wp\/v2\/comments?post=4407"}],"version-history":[{"count":2,"href":"https:\/\/vecinosdelinterior.com\/index.php\/wp-json\/wp\/v2\/posts\/4407\/revisions"}],"predecessor-version":[{"id":4414,"href":"https:\/\/vecinosdelinterior.com\/index.php\/wp-json\/wp\/v2\/posts\/4407\/revisions\/4414"}],"wp:featuredmedia":[{"embeddable":true,"href":"https:\/\/vecinosdelinterior.com\/index.php\/wp-json\/wp\/v2\/media\/4408"}],"wp:attachment":[{"href":"https:\/\/vecinosdelinterior.com\/index.php\/wp-json\/wp\/v2\/media?parent=4407"}],"wp:term":[{"taxonomy":"category","embeddable":true,"href":"https:\/\/vecinosdelinterior.com\/index.php\/wp-json\/wp\/v2\/categories?post=4407"},{"taxonomy":"post_tag","embeddable":true,"href":"https:\/\/vecinosdelinterior.com\/index.php\/wp-json\/wp\/v2\/tags?post=4407"}],"curies":[{"name":"wp","href":"https:\/\/api.w.org\/{rel}","templated":true}]}}